{"id":1697,"date":"2015-12-08T12:04:28","date_gmt":"2015-12-08T11:04:28","guid":{"rendered":"http:\/\/blog.walleriana.com\/?p=1697"},"modified":"2015-12-08T12:09:20","modified_gmt":"2015-12-08T11:09:20","slug":"rencontrez-walleriana-a-la-vente-bande-de-createurs","status":"publish","type":"post","link":"https:\/\/www.walleriana.com\/mag\/rencontrez-walleriana-a-la-vente-bande-de-createurs\/","title":{"rendered":"Rencontrez Walleriana \u00e0 la vente Bande de Cr\u00e9ateurs"},"content":{"rendered":"<p style=\"text-align: justify;\">Pour finir l&rsquo;ann\u00e9e en beaut\u00e9, Bande de Cr\u00e9ateurs s&rsquo;installe dans l&rsquo;espace Canal Saint Martin, rue Jean Poulmarch, du 5 au 13 d\u00e9cembre.<\/p>\n<h2 style=\"text-align: justify;\">Walleriana fait partie de la Bande de cr\u00e9ateurs<\/h2>\n<p style=\"text-align: justify;\">Nous sommes heureux de vous annoncer que Walleriana fait partie de cette 5\u00e8me \u00e9dition, aux c\u00f4t\u00e9s de nombreux cr\u00e9ateurs qui exercent leur talent dans des domaines divers, tels que la mode, la maroquinerie, la d\u00e9coration, les bijoux, et beaucoup d&rsquo;autres encore.<\/p>\n<h2 style=\"text-align: justify;\">Un rendez-vous \u00e0 ne pas manquer avant No\u00ebl<\/h2>\n<p style=\"text-align: justify;\">Le rendez-vous de la Bande de Cr\u00e9ateurs, c&rsquo;est l&rsquo;occasion de rencontrer de\u00a0jeunes talents fran\u00e7ais, d&rsquo;\u00e9changer, et d&rsquo;acheter des produits artisanaux\/locaux, r\u00e9alis\u00e9s avec beaucoup d&rsquo;amour et de patience.<\/p>\n<p style=\"text-align: justify;\">Venez nous retrouver pour faire de belles d\u00e9couvertes dans un endroit magique, et pourquoi pas, repartir avec vos cadeaux de No\u00ebl !<\/p>\n<p style=\"text-align: justify;\"><strong>Rendez-vous <span style=\"text-decoration: underline;\">le 12 et le 13 d\u00e9cembre<\/span> pour d\u00e9couvrir la marque Walleriana<\/strong>, au <strong>13 rue Jean Poulmarch dans le 10e<\/strong> arrondissement de Paris.<\/p>\n<h2>Les cr\u00e9ateurs pr\u00e9sents sur l&rsquo;\u00e9v\u00e8nement<\/h2>\n<p><a href=\"https:\/\/mag.walleriana.com\/wp-content\/uploads\/2015\/12\/12304202_1194881050527173_5396810097194600308_o.jpg\"><img loading=\"lazy\" class=\"aligncenter wp-image-1831 size-large\" src=\"https:\/\/mag.walleriana.com\/wp-content\/uploads\/2015\/12\/12304202_1194881050527173_5396810097194600308_o-1024x701.jpg\" alt=\"la liste de bande de cr\u00e9ateurs\" width=\"640\" height=\"438\" srcset=\"https:\/\/www.walleriana.com\/mag\/wp-content\/uploads\/2015\/12\/12304202_1194881050527173_5396810097194600308_o-1024x701.jpg 1024w, https:\/\/www.walleriana.com\/mag\/wp-content\/uploads\/2015\/12\/12304202_1194881050527173_5396810097194600308_o-300x205.jpg 300w, https:\/\/www.walleriana.com\/mag\/wp-content\/uploads\/2015\/12\/12304202_1194881050527173_5396810097194600308_o-200x137.jpg 200w, https:\/\/www.walleriana.com\/mag\/wp-content\/uploads\/2015\/12\/12304202_1194881050527173_5396810097194600308_o-1000x685.jpg 1000w, https:\/\/www.walleriana.com\/mag\/wp-content\/uploads\/2015\/12\/12304202_1194881050527173_5396810097194600308_o-1400x958.jpg 1400w, https:\/\/www.walleriana.com\/mag\/wp-content\/uploads\/2015\/12\/12304202_1194881050527173_5396810097194600308_o-415x284.jpg 415w, https:\/\/www.walleriana.com\/mag\/wp-content\/uploads\/2015\/12\/12304202_1194881050527173_5396810097194600308_o-160x110.jpg 160w, https:\/\/www.walleriana.com\/mag\/wp-content\/uploads\/2015\/12\/12304202_1194881050527173_5396810097194600308_o.jpg 2048w\" sizes=\"(max-width: 640px) 100vw, 640px\" \/><\/a><\/p>\n<h2>Retrouvez la Bande de cr\u00e9ateurs sur les r\u00e9seaux sociaux<\/h2>\n<p><a href=\"https:\/\/www.facebook.com\/LaBandedeCreateurs\/\" target=\"_blank\">Facebook<\/a><\/p>\n<p><a href=\"https:\/\/twitter.com\/bande_createurs\" target=\"_blank\">Twitter<\/a><\/p>\n<p><a href=\"https:\/\/bandedecreateurs.blogspot.fr\/\" target=\"_blank\">Le blog<\/a><\/p>\n<p><a href=\"https:\/\/www.instagram.com\/bandedecreateurs\/\" target=\"_blank\">Instagram<\/a><\/p>\n<h2>En ce moment aussi&#8230;<\/h2>\n<p><a href=\"https:\/\/mag.walleriana.com\/2015\/12\/02\/walleriana-sur-la-liste-de-noel-de-la-french-tech\/\" target=\"_blank\">Walleriana est sur la liste de No\u00ebl de la French Tech<\/a><\/p>\n","protected":false},"excerpt":{"rendered":"<p>Pour finir l&rsquo;ann\u00e9e en beaut\u00e9, Bande de Cr\u00e9ateurs s&rsquo;installe dans l&rsquo;espace Canal Saint Martin, rue Jean Poulmarch, du 5 au&#8230;<\/p>\n","protected":false},"author":1,"featured_media":1830,"comment_status":"open","ping_status":"open","sticky":false,"template":"","format":"standard","meta":{"rop_custom_images_group":[],"rop_custom_messages_group":[],"rop_publish_now":"initial","rop_publish_now_accounts":[],"rop_publish_now_history":[],"rop_publish_now_status":"pending"},"categories":[99],"tags":[271,273,274,272],"yoast_head":"<!-- This site is optimized with the Yoast SEO Premium plugin v18.6 (Yoast SEO v19.2) - https:\/\/yoast.com\/wordpress\/plugins\/seo\/ -->\n<title>Rencontrez Walleriana \u00e0 la vente Bande de Cr\u00e9ateurs - Libella - Le Mag<\/title>\n<meta name=\"description\" content=\"Pour finir l&#039;ann\u00e9e en beaut\u00e9 Bande de Cr\u00e9ateurs s&#039;installe dans l&#039;espace Canal Saint Martin. Venez rencontrer Walleriana le weekend du 12-13 d\u00e9cembre !\" \/>\n<meta name=\"robots\" content=\"index, follow, max-snippet:-1, max-image-preview:large, max-video-preview:-1\" \/>\n<link rel=\"canonical\" href=\"https:\/\/www.walleriana.com\/mag\/rencontrez-walleriana-a-la-vente-bande-de-createurs\/\" \/>\n<meta property=\"og:locale\" content=\"fr_FR\" \/>\n<meta property=\"og:type\" content=\"article\" \/>\n<meta property=\"og:title\" content=\"Rencontrez Walleriana \u00e0 la vente Bande de Cr\u00e9ateurs\" \/>\n<meta property=\"og:description\" content=\"Pour finir l&#039;ann\u00e9e en beaut\u00e9, Bande de Cr\u00e9ateurs s&#039;installe dans l&#039;espace Canal Saint Martin, rue Jean Poulmarch, du 5 au 13 d\u00e9cembre. Walleriana fait\" \/>\n<meta property=\"og:url\" content=\"https:\/\/www.walleriana.com\/mag\/rencontrez-walleriana-a-la-vente-bande-de-createurs\/\" \/>\n<meta property=\"og:site_name\" content=\"Libella - Le Mag\" \/>\n<meta property=\"article:author\" content=\"https:\/\/www.facebook.com\/WallerianaTheShop\/\" \/>\n<meta property=\"article:published_time\" content=\"2015-12-08T11:04:28+00:00\" \/>\n<meta property=\"article:modified_time\" content=\"2015-12-08T11:09:20+00:00\" \/>\n<meta property=\"og:image\" content=\"https:\/\/www.walleriana.com\/mag\/wp-content\/uploads\/2015\/12\/12019833_1157101594305119_1331905390630490454_n.jpg\" \/>\n\t<meta property=\"og:image:width\" content=\"960\" \/>\n\t<meta property=\"og:image:height\" content=\"369\" \/>\n\t<meta property=\"og:image:type\" content=\"image\/jpeg\" \/>\n<meta name=\"author\" content=\"Juliette - Walleriana\" \/>\n<meta name=\"twitter:label1\" content=\"\u00c9crit par\" \/>\n\t<meta name=\"twitter:data1\" content=\"Juliette - Walleriana\" \/>\n\t<meta name=\"twitter:label2\" content=\"Dur\u00e9e de lecture estim\u00e9e\" \/>\n\t<meta name=\"twitter:data2\" content=\"1 minute\" \/>\n<script type=\"application\/ld+json\" class=\"yoast-schema-graph\">{\"@context\":\"https:\/\/schema.org\",\"@graph\":[{\"@type\":\"Organization\",\"@id\":\"https:\/\/www.walleriana.com\/mag\/#organization\",\"name\":\"Walleriana\",\"url\":\"https:\/\/www.walleriana.com\/mag\/\",\"sameAs\":[],\"logo\":{\"@type\":\"ImageObject\",\"inLanguage\":\"fr-FR\",\"@id\":\"https:\/\/www.walleriana.com\/mag\/#\/schema\/logo\/image\/\",\"url\":\"https:\/\/walleriana.com\/mag\/wp-content\/uploads\/2021\/05\/Favicon-Walleriana.jpg\",\"contentUrl\":\"https:\/\/walleriana.com\/mag\/wp-content\/uploads\/2021\/05\/Favicon-Walleriana.jpg\",\"width\":496,\"height\":317,\"caption\":\"Walleriana\"},\"image\":{\"@id\":\"https:\/\/www.walleriana.com\/mag\/#\/schema\/logo\/image\/\"}},{\"@type\":\"WebSite\",\"@id\":\"https:\/\/www.walleriana.com\/mag\/#website\",\"url\":\"https:\/\/www.walleriana.com\/mag\/\",\"name\":\"Libella - Le Mag\",\"description\":\"Le Mag bien-\u00eatre &amp; style des jambes l\u00e9g\u00e8res\",\"publisher\":{\"@id\":\"https:\/\/www.walleriana.com\/mag\/#organization\"},\"potentialAction\":[{\"@type\":\"SearchAction\",\"target\":{\"@type\":\"EntryPoint\",\"urlTemplate\":\"https:\/\/www.walleriana.com\/mag\/?s={search_term_string}\"},\"query-input\":\"required name=search_term_string\"}],\"inLanguage\":\"fr-FR\"},{\"@type\":\"ImageObject\",\"inLanguage\":\"fr-FR\",\"@id\":\"https:\/\/www.walleriana.com\/mag\/rencontrez-walleriana-a-la-vente-bande-de-createurs\/#primaryimage\",\"url\":\"https:\/\/www.walleriana.com\/mag\/wp-content\/uploads\/2015\/12\/12019833_1157101594305119_1331905390630490454_n.jpg\",\"contentUrl\":\"https:\/\/www.walleriana.com\/mag\/wp-content\/uploads\/2015\/12\/12019833_1157101594305119_1331905390630490454_n.jpg\",\"width\":960,\"height\":369,\"caption\":\"Bande de cr\u00e9ateurs\"},{\"@type\":\"WebPage\",\"@id\":\"https:\/\/www.walleriana.com\/mag\/rencontrez-walleriana-a-la-vente-bande-de-createurs\/#webpage\",\"url\":\"https:\/\/www.walleriana.com\/mag\/rencontrez-walleriana-a-la-vente-bande-de-createurs\/\",\"name\":\"Rencontrez Walleriana \u00e0 la vente Bande de Cr\u00e9ateurs - Libella - Le Mag\",\"isPartOf\":{\"@id\":\"https:\/\/www.walleriana.com\/mag\/#website\"},\"primaryImageOfPage\":{\"@id\":\"https:\/\/www.walleriana.com\/mag\/rencontrez-walleriana-a-la-vente-bande-de-createurs\/#primaryimage\"},\"datePublished\":\"2015-12-08T11:04:28+00:00\",\"dateModified\":\"2015-12-08T11:09:20+00:00\",\"description\":\"Pour finir l'ann\u00e9e en beaut\u00e9 Bande de Cr\u00e9ateurs s'installe dans l'espace Canal Saint Martin. Venez rencontrer Walleriana le weekend du 12-13 d\u00e9cembre !\",\"breadcrumb\":{\"@id\":\"https:\/\/www.walleriana.com\/mag\/rencontrez-walleriana-a-la-vente-bande-de-createurs\/#breadcrumb\"},\"inLanguage\":\"fr-FR\",\"potentialAction\":[{\"@type\":\"ReadAction\",\"target\":[\"https:\/\/www.walleriana.com\/mag\/rencontrez-walleriana-a-la-vente-bande-de-createurs\/\"]}]},{\"@type\":\"BreadcrumbList\",\"@id\":\"https:\/\/www.walleriana.com\/mag\/rencontrez-walleriana-a-la-vente-bande-de-createurs\/#breadcrumb\",\"itemListElement\":[{\"@type\":\"ListItem\",\"position\":1,\"name\":\"Le mag walleriana\",\"item\":\"https:\/\/www.walleriana.com\/mag\/\"},{\"@type\":\"ListItem\",\"position\":2,\"name\":\"Rencontrez Walleriana \u00e0 la vente Bande de Cr\u00e9ateurs\"}]},{\"@type\":\"Article\",\"@id\":\"https:\/\/www.walleriana.com\/mag\/rencontrez-walleriana-a-la-vente-bande-de-createurs\/#article\",\"isPartOf\":{\"@id\":\"https:\/\/www.walleriana.com\/mag\/rencontrez-walleriana-a-la-vente-bande-de-createurs\/#webpage\"},\"author\":{\"name\":\"Juliette - Walleriana\",\"@id\":\"https:\/\/www.walleriana.com\/mag\/#\/schema\/person\/5baeac92243646b67742f8d3441398d9\"},\"headline\":\"Rencontrez Walleriana \u00e0 la vente Bande de Cr\u00e9ateurs\",\"datePublished\":\"2015-12-08T11:04:28+00:00\",\"dateModified\":\"2015-12-08T11:09:20+00:00\",\"mainEntityOfPage\":{\"@id\":\"https:\/\/www.walleriana.com\/mag\/rencontrez-walleriana-a-la-vente-bande-de-createurs\/#webpage\"},\"wordCount\":213,\"commentCount\":0,\"publisher\":{\"@id\":\"https:\/\/www.walleriana.com\/mag\/#organization\"},\"image\":{\"@id\":\"https:\/\/www.walleriana.com\/mag\/rencontrez-walleriana-a-la-vente-bande-de-createurs\/#primaryimage\"},\"thumbnailUrl\":\"https:\/\/www.walleriana.com\/mag\/wp-content\/uploads\/2015\/12\/12019833_1157101594305119_1331905390630490454_n.jpg\",\"keywords\":[\"bande de cr\u00e9ateurs\",\"cr\u00e9ateurs fran\u00e7ais\",\"made in France\",\"vente de noel\"],\"articleSection\":[\"En ce moment...\"],\"inLanguage\":\"fr-FR\",\"potentialAction\":[{\"@type\":\"CommentAction\",\"name\":\"Comment\",\"target\":[\"https:\/\/www.walleriana.com\/mag\/rencontrez-walleriana-a-la-vente-bande-de-createurs\/#respond\"]}]},{\"@type\":\"Person\",\"@id\":\"https:\/\/www.walleriana.com\/mag\/#\/schema\/person\/5baeac92243646b67742f8d3441398d9\",\"name\":\"Juliette - Walleriana\",\"image\":{\"@type\":\"ImageObject\",\"inLanguage\":\"fr-FR\",\"@id\":\"https:\/\/www.walleriana.com\/mag\/#\/schema\/person\/image\/\",\"url\":\"https:\/\/secure.gravatar.com\/avatar\/ce9c5a3e6e33bfab4a2e0f4a7c40f9e7?s=96&d=mm&r=g\",\"contentUrl\":\"https:\/\/secure.gravatar.com\/avatar\/ce9c5a3e6e33bfab4a2e0f4a7c40f9e7?s=96&d=mm&r=g\",\"caption\":\"Juliette - Walleriana\"},\"sameAs\":[\"https:\/\/walleriana.com\",\"https:\/\/www.facebook.com\/WallerianaTheShop\/\",\"https:\/\/twitter.com\/WallerianaParis\"],\"url\":\"https:\/\/www.walleriana.com\/mag\/author\/juliettewalleriana-com\/\"}]}<\/script>\n<!-- \/ Yoast SEO Premium plugin. -->","yoast_head_json":{"title":"Rencontrez Walleriana \u00e0 la vente Bande de Cr\u00e9ateurs - Libella - Le Mag","description":"Pour finir l'ann\u00e9e en beaut\u00e9 Bande de Cr\u00e9ateurs s'installe dans l'espace Canal Saint Martin. Venez rencontrer Walleriana le weekend du 12-13 d\u00e9cembre !","robots":{"index":"index","follow":"follow","max-snippet":"max-snippet:-1","max-image-preview":"max-image-preview:large","max-video-preview":"max-video-preview:-1"},"canonical":"https:\/\/www.walleriana.com\/mag\/rencontrez-walleriana-a-la-vente-bande-de-createurs\/","og_locale":"fr_FR","og_type":"article","og_title":"Rencontrez Walleriana \u00e0 la vente Bande de Cr\u00e9ateurs","og_description":"Pour finir l'ann\u00e9e en beaut\u00e9, Bande de Cr\u00e9ateurs s'installe dans l'espace Canal Saint Martin, rue Jean Poulmarch, du 5 au 13 d\u00e9cembre. Walleriana fait","og_url":"https:\/\/www.walleriana.com\/mag\/rencontrez-walleriana-a-la-vente-bande-de-createurs\/","og_site_name":"Libella - Le Mag","article_author":"https:\/\/www.facebook.com\/WallerianaTheShop\/","article_published_time":"2015-12-08T11:04:28+00:00","article_modified_time":"2015-12-08T11:09:20+00:00","og_image":[{"width":960,"height":369,"url":"https:\/\/www.walleriana.com\/mag\/wp-content\/uploads\/2015\/12\/12019833_1157101594305119_1331905390630490454_n.jpg","type":"image\/jpeg"}],"author":"Juliette - Walleriana","twitter_misc":{"\u00c9crit par":"Juliette - Walleriana","Dur\u00e9e de lecture estim\u00e9e":"1 minute"},"schema":{"@context":"https:\/\/schema.org","@graph":[{"@type":"Organization","@id":"https:\/\/www.walleriana.com\/mag\/#organization","name":"Walleriana","url":"https:\/\/www.walleriana.com\/mag\/","sameAs":[],"logo":{"@type":"ImageObject","inLanguage":"fr-FR","@id":"https:\/\/www.walleriana.com\/mag\/#\/schema\/logo\/image\/","url":"https:\/\/walleriana.com\/mag\/wp-content\/uploads\/2021\/05\/Favicon-Walleriana.jpg","contentUrl":"https:\/\/walleriana.com\/mag\/wp-content\/uploads\/2021\/05\/Favicon-Walleriana.jpg","width":496,"height":317,"caption":"Walleriana"},"image":{"@id":"https:\/\/www.walleriana.com\/mag\/#\/schema\/logo\/image\/"}},{"@type":"WebSite","@id":"https:\/\/www.walleriana.com\/mag\/#website","url":"https:\/\/www.walleriana.com\/mag\/","name":"Libella - Le Mag","description":"Le Mag bien-\u00eatre &amp; style des jambes l\u00e9g\u00e8res","publisher":{"@id":"https:\/\/www.walleriana.com\/mag\/#organization"},"potentialAction":[{"@type":"SearchAction","target":{"@type":"EntryPoint","urlTemplate":"https:\/\/www.walleriana.com\/mag\/?s={search_term_string}"},"query-input":"required name=search_term_string"}],"inLanguage":"fr-FR"},{"@type":"ImageObject","inLanguage":"fr-FR","@id":"https:\/\/www.walleriana.com\/mag\/rencontrez-walleriana-a-la-vente-bande-de-createurs\/#primaryimage","url":"https:\/\/www.walleriana.com\/mag\/wp-content\/uploads\/2015\/12\/12019833_1157101594305119_1331905390630490454_n.jpg","contentUrl":"https:\/\/www.walleriana.com\/mag\/wp-content\/uploads\/2015\/12\/12019833_1157101594305119_1331905390630490454_n.jpg","width":960,"height":369,"caption":"Bande de cr\u00e9ateurs"},{"@type":"WebPage","@id":"https:\/\/www.walleriana.com\/mag\/rencontrez-walleriana-a-la-vente-bande-de-createurs\/#webpage","url":"https:\/\/www.walleriana.com\/mag\/rencontrez-walleriana-a-la-vente-bande-de-createurs\/","name":"Rencontrez Walleriana \u00e0 la vente Bande de Cr\u00e9ateurs - Libella - Le Mag","isPartOf":{"@id":"https:\/\/www.walleriana.com\/mag\/#website"},"primaryImageOfPage":{"@id":"https:\/\/www.walleriana.com\/mag\/rencontrez-walleriana-a-la-vente-bande-de-createurs\/#primaryimage"},"datePublished":"2015-12-08T11:04:28+00:00","dateModified":"2015-12-08T11:09:20+00:00","description":"Pour finir l'ann\u00e9e en beaut\u00e9 Bande de Cr\u00e9ateurs s'installe dans l'espace Canal Saint Martin. Venez rencontrer Walleriana le weekend du 12-13 d\u00e9cembre !","breadcrumb":{"@id":"https:\/\/www.walleriana.com\/mag\/rencontrez-walleriana-a-la-vente-bande-de-createurs\/#breadcrumb"},"inLanguage":"fr-FR","potentialAction":[{"@type":"ReadAction","target":["https:\/\/www.walleriana.com\/mag\/rencontrez-walleriana-a-la-vente-bande-de-createurs\/"]}]},{"@type":"BreadcrumbList","@id":"https:\/\/www.walleriana.com\/mag\/rencontrez-walleriana-a-la-vente-bande-de-createurs\/#breadcrumb","itemListElement":[{"@type":"ListItem","position":1,"name":"Le mag walleriana","item":"https:\/\/www.walleriana.com\/mag\/"},{"@type":"ListItem","position":2,"name":"Rencontrez Walleriana \u00e0 la vente Bande de Cr\u00e9ateurs"}]},{"@type":"Article","@id":"https:\/\/www.walleriana.com\/mag\/rencontrez-walleriana-a-la-vente-bande-de-createurs\/#article","isPartOf":{"@id":"https:\/\/www.walleriana.com\/mag\/rencontrez-walleriana-a-la-vente-bande-de-createurs\/#webpage"},"author":{"name":"Juliette - Walleriana","@id":"https:\/\/www.walleriana.com\/mag\/#\/schema\/person\/5baeac92243646b67742f8d3441398d9"},"headline":"Rencontrez Walleriana \u00e0 la vente Bande de Cr\u00e9ateurs","datePublished":"2015-12-08T11:04:28+00:00","dateModified":"2015-12-08T11:09:20+00:00","mainEntityOfPage":{"@id":"https:\/\/www.walleriana.com\/mag\/rencontrez-walleriana-a-la-vente-bande-de-createurs\/#webpage"},"wordCount":213,"commentCount":0,"publisher":{"@id":"https:\/\/www.walleriana.com\/mag\/#organization"},"image":{"@id":"https:\/\/www.walleriana.com\/mag\/rencontrez-walleriana-a-la-vente-bande-de-createurs\/#primaryimage"},"thumbnailUrl":"https:\/\/www.walleriana.com\/mag\/wp-content\/uploads\/2015\/12\/12019833_1157101594305119_1331905390630490454_n.jpg","keywords":["bande de cr\u00e9ateurs","cr\u00e9ateurs fran\u00e7ais","made in France","vente de noel"],"articleSection":["En ce moment..."],"inLanguage":"fr-FR","potentialAction":[{"@type":"CommentAction","name":"Comment","target":["https:\/\/www.walleriana.com\/mag\/rencontrez-walleriana-a-la-vente-bande-de-createurs\/#respond"]}]},{"@type":"Person","@id":"https:\/\/www.walleriana.com\/mag\/#\/schema\/person\/5baeac92243646b67742f8d3441398d9","name":"Juliette - Walleriana","image":{"@type":"ImageObject","inLanguage":"fr-FR","@id":"https:\/\/www.walleriana.com\/mag\/#\/schema\/person\/image\/","url":"https:\/\/secure.gravatar.com\/avatar\/ce9c5a3e6e33bfab4a2e0f4a7c40f9e7?s=96&d=mm&r=g","contentUrl":"https:\/\/secure.gravatar.com\/avatar\/ce9c5a3e6e33bfab4a2e0f4a7c40f9e7?s=96&d=mm&r=g","caption":"Juliette - Walleriana"},"sameAs":["https:\/\/walleriana.com","https:\/\/www.facebook.com\/WallerianaTheShop\/","https:\/\/twitter.com\/WallerianaParis"],"url":"https:\/\/www.walleriana.com\/mag\/author\/juliettewalleriana-com\/"}]}},"_links":{"self":[{"href":"https:\/\/www.walleriana.com\/mag\/wp-json\/wp\/v2\/posts\/1697"}],"collection":[{"href":"https:\/\/www.walleriana.com\/mag\/wp-json\/wp\/v2\/posts"}],"about":[{"href":"https:\/\/www.walleriana.com\/mag\/wp-json\/wp\/v2\/types\/post"}],"author":[{"embeddable":true,"href":"https:\/\/www.walleriana.com\/mag\/wp-json\/wp\/v2\/users\/1"}],"replies":[{"embeddable":true,"href":"https:\/\/www.walleriana.com\/mag\/wp-json\/wp\/v2\/comments?post=1697"}],"version-history":[{"count":8,"href":"https:\/\/www.walleriana.com\/mag\/wp-json\/wp\/v2\/posts\/1697\/revisions"}],"predecessor-version":[{"id":1838,"href":"https:\/\/www.walleriana.com\/mag\/wp-json\/wp\/v2\/posts\/1697\/revisions\/1838"}],"wp:featuredmedia":[{"embeddable":true,"href":"https:\/\/www.walleriana.com\/mag\/wp-json\/wp\/v2\/media\/1830"}],"wp:attachment":[{"href":"https:\/\/www.walleriana.com\/mag\/wp-json\/wp\/v2\/media?parent=1697"}],"wp:term":[{"taxonomy":"category","embeddable":true,"href":"https:\/\/www.walleriana.com\/mag\/wp-json\/wp\/v2\/categories?post=1697"},{"taxonomy":"post_tag","embeddable":true,"href":"https:\/\/www.walleriana.com\/mag\/wp-json\/wp\/v2\/tags?post=1697"}],"curies":[{"name":"wp","href":"https:\/\/api.w.org\/{rel}","templated":true}]}}