{"id":2423,"date":"2016-05-25T18:06:15","date_gmt":"2016-05-25T17:06:15","guid":{"rendered":"http:\/\/blog.walleriana.com\/?p=2423"},"modified":"2016-05-25T18:06:15","modified_gmt":"2016-05-25T17:06:15","slug":"walleriana-coup-de-coeur-paris-frivole","status":"publish","type":"post","link":"https:\/\/www.walleriana.com\/mag\/walleriana-coup-de-coeur-paris-frivole\/","title":{"rendered":"Le \u00ab\u00a0coup de coeur\u00a0\u00bb de Paris Frivole"},"content":{"rendered":"<p style=\"text-align: justify;\">Partenaire du salon Bande de Cr\u00e9ateurs durant\u00a0l&rsquo;\u00e9dition d&rsquo;avril 2016, Sarah, r\u00e9dactrice du magazine Paris Frivole, est venue \u00e0 la rencontre des cr\u00e9ateurs pr\u00e9sents ce weekend l\u00e0. Le magazine Paris Frivole a pour vocation de d\u00e9nicher des entrepreneurs, d&rsquo;en faire la promotion, et dans un autre registre, trouver et partager des adresses mondaines et glamour \u00e0 Paris.<\/p>\n<p style=\"text-align: justify;\"><img loading=\"lazy\" class=\"aligncenter wp-image-2759 size-full\" src=\"https:\/\/mag.walleriana.com\/wp-content\/uploads\/2016\/05\/Paris-frivole-1.png\" alt=\"Walleriana, coup de coeur de Paris Frivole\" width=\"311\" height=\"156\" srcset=\"https:\/\/www.walleriana.com\/mag\/wp-content\/uploads\/2016\/05\/Paris-frivole-1.png 311w, https:\/\/www.walleriana.com\/mag\/wp-content\/uploads\/2016\/05\/Paris-frivole-1-300x150.png 300w, https:\/\/www.walleriana.com\/mag\/wp-content\/uploads\/2016\/05\/Paris-frivole-1-200x100.png 200w\" sizes=\"(max-width: 311px) 100vw, 311px\" \/><\/p>\n<p style=\"text-align: justify;\">C&rsquo;est avec une joie immense mais aussi une tr\u00e8s grand surprise que j&rsquo;ai d\u00e9couvert que Walleriana en \u00e9tait le coup de coeur sur le salon Bande de cr\u00e9ateurs !<\/p>\n<h2 style=\"text-align: justify;\">Coup de coeur de Paris Frivole<\/h2>\n<blockquote><p><img loading=\"lazy\" class=\"aligncenter wp-image-2753 size-full\" src=\"https:\/\/mag.walleriana.com\/wp-content\/uploads\/2016\/05\/Capture-d\u2019e\u0301cran-2016-05-25-a\u0300-17.31.07-e1464190852978.png\" alt=\"\" width=\"618\" height=\"76\" srcset=\"https:\/\/www.walleriana.com\/mag\/wp-content\/uploads\/2016\/05\/Capture-d\u2019e\u0301cran-2016-05-25-a\u0300-17.31.07-e1464190852978.png 618w, https:\/\/www.walleriana.com\/mag\/wp-content\/uploads\/2016\/05\/Capture-d\u2019e\u0301cran-2016-05-25-a\u0300-17.31.07-e1464190852978-300x37.png 300w, https:\/\/www.walleriana.com\/mag\/wp-content\/uploads\/2016\/05\/Capture-d\u2019e\u0301cran-2016-05-25-a\u0300-17.31.07-e1464190852978-200x25.png 200w, https:\/\/www.walleriana.com\/mag\/wp-content\/uploads\/2016\/05\/Capture-d\u2019e\u0301cran-2016-05-25-a\u0300-17.31.07-e1464190852978-370x46.png 370w, https:\/\/www.walleriana.com\/mag\/wp-content\/uploads\/2016\/05\/Capture-d\u2019e\u0301cran-2016-05-25-a\u0300-17.31.07-e1464190852978-570x70.png 570w\" sizes=\"(max-width: 618px) 100vw, 618px\" \/><\/p><\/blockquote>\n<p><img loading=\"lazy\" class=\"aligncenter wp-image-2754 size-full\" src=\"https:\/\/mag.walleriana.com\/wp-content\/uploads\/2016\/05\/Capture-d\u2019e\u0301cran-2016-05-25-a\u0300-17.31.36-e1464190880909.png\" alt=\"Walleriana coup de coeur de Paris Frivole\" width=\"620\" height=\"411\" srcset=\"https:\/\/www.walleriana.com\/mag\/wp-content\/uploads\/2016\/05\/Capture-d\u2019e\u0301cran-2016-05-25-a\u0300-17.31.36-e1464190880909.png 620w, https:\/\/www.walleriana.com\/mag\/wp-content\/uploads\/2016\/05\/Capture-d\u2019e\u0301cran-2016-05-25-a\u0300-17.31.36-e1464190880909-300x199.png 300w, https:\/\/www.walleriana.com\/mag\/wp-content\/uploads\/2016\/05\/Capture-d\u2019e\u0301cran-2016-05-25-a\u0300-17.31.36-e1464190880909-200x133.png 200w, https:\/\/www.walleriana.com\/mag\/wp-content\/uploads\/2016\/05\/Capture-d\u2019e\u0301cran-2016-05-25-a\u0300-17.31.36-e1464190880909-270x180.png 270w, https:\/\/www.walleriana.com\/mag\/wp-content\/uploads\/2016\/05\/Capture-d\u2019e\u0301cran-2016-05-25-a\u0300-17.31.36-e1464190880909-370x245.png 370w, https:\/\/www.walleriana.com\/mag\/wp-content\/uploads\/2016\/05\/Capture-d\u2019e\u0301cran-2016-05-25-a\u0300-17.31.36-e1464190880909-570x378.png 570w\" sizes=\"(max-width: 620px) 100vw, 620px\" \/><\/p>\n<blockquote><p><em>Walleriana est notre premier coup de coeur car derri\u00e8re la beaut\u00e9 du produit, se cache une utilit\u00e9 bien contemporaine&#8230;<\/em><\/p><\/blockquote>\n<p style=\"text-align: justify;\"><img loading=\"lazy\" class=\"aligncenter wp-image-2752 size-full\" src=\"https:\/\/mag.walleriana.com\/wp-content\/uploads\/2016\/05\/Capture-d\u2019e\u0301cran-2016-05-25-a\u0300-17.30.43.png\" alt=\"Walleriana, coup de coeur de Paris Frivole\" width=\"650\" height=\"127\" srcset=\"https:\/\/www.walleriana.com\/mag\/wp-content\/uploads\/2016\/05\/Capture-d\u2019e\u0301cran-2016-05-25-a\u0300-17.30.43.png 650w, https:\/\/www.walleriana.com\/mag\/wp-content\/uploads\/2016\/05\/Capture-d\u2019e\u0301cran-2016-05-25-a\u0300-17.30.43-300x59.png 300w, https:\/\/www.walleriana.com\/mag\/wp-content\/uploads\/2016\/05\/Capture-d\u2019e\u0301cran-2016-05-25-a\u0300-17.30.43-200x39.png 200w, https:\/\/www.walleriana.com\/mag\/wp-content\/uploads\/2016\/05\/Capture-d\u2019e\u0301cran-2016-05-25-a\u0300-17.30.43-370x72.png 370w, https:\/\/www.walleriana.com\/mag\/wp-content\/uploads\/2016\/05\/Capture-d\u2019e\u0301cran-2016-05-25-a\u0300-17.30.43-570x111.png 570w\" sizes=\"(max-width: 650px) 100vw, 650px\" \/><\/p>\n<p style=\"text-align: justify;\"><a href=\"https:\/\/paris-frivole.com\/bande-de-createurs-coup-de-coeur-mode\/\" target=\"_blank\">D\u00e9couvrez l&rsquo;int\u00e9gralit\u00e9 de l&rsquo;article consacr\u00e9 au salon Bande de Cr\u00e9ateurs ici.<\/a><\/p>\n<h2 style=\"text-align: justify;\">Un article rien que pour nous&#8230;<\/h2>\n<p style=\"text-align: justify;\">Suite \u00e0 la publication de cet encart, Sarah, la r\u00e9dactrice, a test\u00e9 les collants plumetis Bonjour Paris et a consacr\u00e9 un article entier \u00e0 leurs bienfaits !<\/p>\n<blockquote>\n<p style=\"text-align: justify;\"><em>L\u2019id\u00e9e est brillante : sublimer la jambe, sculpter la silhouette tout en garantissant un confort sans pareil gr\u00e2ce \u00e0 un syst\u00e8me de compression douce. Walleriana s\u2019adresse aux femmes actives&#8230;<\/em><\/p>\n<\/blockquote>\n<p style=\"text-align: justify;\"><img loading=\"lazy\" class=\"aligncenter wp-image-2758 size-full\" src=\"https:\/\/mag.walleriana.com\/wp-content\/uploads\/2016\/05\/image.jpeg\" alt=\"Walleriana coup de coeur de Paris Frivole\" width=\"640\" height=\"640\" srcset=\"https:\/\/www.walleriana.com\/mag\/wp-content\/uploads\/2016\/05\/image.jpeg 640w, https:\/\/www.walleriana.com\/mag\/wp-content\/uploads\/2016\/05\/image-150x150.jpeg 150w, https:\/\/www.walleriana.com\/mag\/wp-content\/uploads\/2016\/05\/image-300x300.jpeg 300w, https:\/\/www.walleriana.com\/mag\/wp-content\/uploads\/2016\/05\/image-200x200.jpeg 200w, https:\/\/www.walleriana.com\/mag\/wp-content\/uploads\/2016\/05\/image-370x370.jpeg 370w, https:\/\/www.walleriana.com\/mag\/wp-content\/uploads\/2016\/05\/image-570x570.jpeg 570w, https:\/\/www.walleriana.com\/mag\/wp-content\/uploads\/2016\/05\/image-580x580.jpeg 580w\" sizes=\"(max-width: 640px) 100vw, 640px\" \/><\/p>\n<p><img loading=\"lazy\" class=\"aligncenter wp-image-2757 size-full\" src=\"https:\/\/mag.walleriana.com\/wp-content\/uploads\/2016\/05\/Capture-d\u2019e\u0301cran-2016-05-25-a\u0300-17.50.50.png\" alt=\"Walleriana, coup de coeur de Paris Frivole\" width=\"645\" height=\"109\" srcset=\"https:\/\/www.walleriana.com\/mag\/wp-content\/uploads\/2016\/05\/Capture-d\u2019e\u0301cran-2016-05-25-a\u0300-17.50.50.png 645w, https:\/\/www.walleriana.com\/mag\/wp-content\/uploads\/2016\/05\/Capture-d\u2019e\u0301cran-2016-05-25-a\u0300-17.50.50-300x51.png 300w, https:\/\/www.walleriana.com\/mag\/wp-content\/uploads\/2016\/05\/Capture-d\u2019e\u0301cran-2016-05-25-a\u0300-17.50.50-200x34.png 200w, https:\/\/www.walleriana.com\/mag\/wp-content\/uploads\/2016\/05\/Capture-d\u2019e\u0301cran-2016-05-25-a\u0300-17.50.50-370x63.png 370w, https:\/\/www.walleriana.com\/mag\/wp-content\/uploads\/2016\/05\/Capture-d\u2019e\u0301cran-2016-05-25-a\u0300-17.50.50-570x96.png 570w\" sizes=\"(max-width: 645px) 100vw, 645px\" \/><a href=\"https:\/\/paris-frivole.com\/walleriana-collants-bien-etre-a-compression-douce-jambes-legeres\/\" target=\"_blank\">Retrouvez l&rsquo;int\u00e9gralit\u00e9 de cet article ici.<\/a><\/p>\n<blockquote><p>On adore le mod\u00e8le \u00ab\u00a0Bonjour Paris\u00a0\u00bb<\/p><\/blockquote>\n<p>Shoppez vos <a href=\"https:\/\/walleriana.com\/fr\/collants-bien-etre-a-compression-douce-tendances\/1-bonjour-paris.html\" target=\"_blank\">collants galbants \u00e0 compression douce Bonjour Paris<\/a> sur l&rsquo;eshop !<\/p>\n<h2 style=\"text-align: justify;\">Ils en parlent aussi&#8230;<\/h2>\n<p style=\"text-align: justify;\">La rubrique \u00ab\u00a0Ils en parlent\u00a0\u00bb retrace tous les articles parus concernant la marque Walleriana, les produits (collants galbants, chaussettes de voyage jambes l\u00e9g\u00e8res et bas bien-\u00eatre) ainsi que sa cr\u00e9atrice.<\/p>\n<p style=\"text-align: justify;\">Pour ne rien manquer des derni\u00e8re actualit\u00e9s et suivre toutes nos publications, inscrivez-vous \u00e0 notre Newsletter en bas de cette page ;)<\/p>\n<p><a href=\"https:\/\/mag.walleriana.com\/arnaud-blogueur-qui-sadresse-a-vos-gambettes\/\" target=\"_blank\">Arnaud, le blogueur qui s&rsquo;adresse \u00e0 vos gambettes<\/a><\/p>\n<p><a href=\"https:\/\/mag.walleriana.com\/portrait-iki-magazine\/\" target=\"_blank\">Iki Magazine, le mag de la boutique \u00e9ph\u00e9m\u00e8re<\/a><\/p>\n<p><a href=\"https:\/\/mag.walleriana.com\/omagazine-parle-collants-chaussettes-bien-etre\/\" target=\"_blank\">Omagazine parle des chaussettes bien-\u00eatre \u00e0 compression mod\u00e9r\u00e9e<\/a><\/p>\n<p><a href=\"https:\/\/mag.walleriana.com\/collants-femme-enceinte-maman-vogue-conseille-walleriana\/\" target=\"_blank\">Maman Vogue : les collants maternit\u00e9 \u00e0 l&rsquo;honneur<\/a><\/p>\n<p><a href=\"https:\/\/mag.walleriana.com\/microsoft-parle-de-walleriana\/\" target=\"_blank\">Microsoft, l&rsquo;interview \u00ab\u00a0People Who Do More\u00a0\u00bb<\/a><\/p>\n<p><a href=\"https:\/\/mag.walleriana.com\/sezane-parle-de-walleriana-dans-son-journal\/\" target=\"_blank\">Interview sur le Journal de S\u00e9zane<\/a><\/p>\n<p>&nbsp;<\/p>\n","protected":false},"excerpt":{"rendered":"<p>Partenaire du salon Bande de Cr\u00e9ateurs durant\u00a0l&rsquo;\u00e9dition d&rsquo;avril 2016, Sarah, r\u00e9dactrice du magazine Paris Frivole, est venue \u00e0 la rencontre&#8230;<\/p>\n","protected":false},"author":1,"featured_media":2768,"comment_status":"open","ping_status":"open","sticky":false,"template":"","format":"standard","meta":{"rop_custom_images_group":[],"rop_custom_messages_group":[],"rop_publish_now":"initial","rop_publish_now_accounts":[],"rop_publish_now_history":[],"rop_publish_now_status":"pending"},"categories":[98],"tags":[852,193,850,135,772,182,4,848,64],"yoast_head":"<!-- This site is optimized with the Yoast SEO Premium plugin v18.6 (Yoast SEO v19.2) - https:\/\/yoast.com\/wordpress\/plugins\/seo\/ -->\n<title>Le &quot;coup de coeur&quot; de Paris Frivole - Libella - Le Mag<\/title>\n<meta name=\"description\" content=\"&quot;Walleriana est notre premier coup de coeur car derri\u00e8re la beaut\u00e9 du produit, se cache une utilit\u00e9 bien contemporaine...&quot; Le magazine Paris Frivole.\" \/>\n<meta name=\"robots\" content=\"index, follow, max-snippet:-1, max-image-preview:large, max-video-preview:-1\" \/>\n<link rel=\"canonical\" href=\"https:\/\/www.walleriana.com\/mag\/walleriana-coup-de-coeur-paris-frivole\/\" \/>\n<meta property=\"og:locale\" content=\"fr_FR\" \/>\n<meta property=\"og:type\" content=\"article\" \/>\n<meta property=\"og:title\" content=\"Le &quot;coup de coeur&quot; de Paris Frivole\" \/>\n<meta property=\"og:description\" content=\"Partenaire du salon Bande de Cr\u00e9ateurs durant\u00a0l&#039;\u00e9dition d&#039;avril 2016, Sarah, r\u00e9dactrice du magazine Paris Frivole, est venue \u00e0 la rencontre des cr\u00e9ateurs\" \/>\n<meta property=\"og:url\" content=\"https:\/\/www.walleriana.com\/mag\/walleriana-coup-de-coeur-paris-frivole\/\" \/>\n<meta property=\"og:site_name\" content=\"Libella - Le Mag\" \/>\n<meta property=\"article:author\" content=\"https:\/\/www.facebook.com\/WallerianaTheShop\/\" \/>\n<meta property=\"article:published_time\" content=\"2016-05-25T17:06:15+00:00\" \/>\n<meta property=\"og:image\" content=\"https:\/\/www.walleriana.com\/mag\/wp-content\/uploads\/2016\/05\/1623684_731675413518288_99182279_n.jpg\" \/>\n\t<meta property=\"og:image:width\" content=\"869\" \/>\n\t<meta property=\"og:image:height\" content=\"450\" \/>\n\t<meta property=\"og:image:type\" content=\"image\/jpeg\" \/>\n<meta name=\"author\" content=\"Juliette - Walleriana\" \/>\n<meta name=\"twitter:label1\" content=\"\u00c9crit par\" \/>\n\t<meta name=\"twitter:data1\" content=\"Juliette - Walleriana\" \/>\n\t<meta name=\"twitter:label2\" content=\"Dur\u00e9e de lecture estim\u00e9e\" \/>\n\t<meta name=\"twitter:data2\" content=\"2 minutes\" \/>\n<script type=\"application\/ld+json\" class=\"yoast-schema-graph\">{\"@context\":\"https:\/\/schema.org\",\"@graph\":[{\"@type\":\"Organization\",\"@id\":\"https:\/\/www.walleriana.com\/mag\/#organization\",\"name\":\"Walleriana\",\"url\":\"https:\/\/www.walleriana.com\/mag\/\",\"sameAs\":[],\"logo\":{\"@type\":\"ImageObject\",\"inLanguage\":\"fr-FR\",\"@id\":\"https:\/\/www.walleriana.com\/mag\/#\/schema\/logo\/image\/\",\"url\":\"https:\/\/walleriana.com\/mag\/wp-content\/uploads\/2021\/05\/Favicon-Walleriana.jpg\",\"contentUrl\":\"https:\/\/walleriana.com\/mag\/wp-content\/uploads\/2021\/05\/Favicon-Walleriana.jpg\",\"width\":496,\"height\":317,\"caption\":\"Walleriana\"},\"image\":{\"@id\":\"https:\/\/www.walleriana.com\/mag\/#\/schema\/logo\/image\/\"}},{\"@type\":\"WebSite\",\"@id\":\"https:\/\/www.walleriana.com\/mag\/#website\",\"url\":\"https:\/\/www.walleriana.com\/mag\/\",\"name\":\"Libella - Le Mag\",\"description\":\"Le Mag bien-\u00eatre &amp; style des jambes l\u00e9g\u00e8res\",\"publisher\":{\"@id\":\"https:\/\/www.walleriana.com\/mag\/#organization\"},\"potentialAction\":[{\"@type\":\"SearchAction\",\"target\":{\"@type\":\"EntryPoint\",\"urlTemplate\":\"https:\/\/www.walleriana.com\/mag\/?s={search_term_string}\"},\"query-input\":\"required name=search_term_string\"}],\"inLanguage\":\"fr-FR\"},{\"@type\":\"ImageObject\",\"inLanguage\":\"fr-FR\",\"@id\":\"https:\/\/www.walleriana.com\/mag\/walleriana-coup-de-coeur-paris-frivole\/#primaryimage\",\"url\":\"https:\/\/www.walleriana.com\/mag\/wp-content\/uploads\/2016\/05\/1623684_731675413518288_99182279_n.jpg\",\"contentUrl\":\"https:\/\/www.walleriana.com\/mag\/wp-content\/uploads\/2016\/05\/1623684_731675413518288_99182279_n.jpg\",\"width\":869,\"height\":450,\"caption\":\"Walleriana, coup de coeur de Paris Frivole\"},{\"@type\":\"WebPage\",\"@id\":\"https:\/\/www.walleriana.com\/mag\/walleriana-coup-de-coeur-paris-frivole\/#webpage\",\"url\":\"https:\/\/www.walleriana.com\/mag\/walleriana-coup-de-coeur-paris-frivole\/\",\"name\":\"Le \\\"coup de coeur\\\" de Paris Frivole - Libella - Le Mag\",\"isPartOf\":{\"@id\":\"https:\/\/www.walleriana.com\/mag\/#website\"},\"primaryImageOfPage\":{\"@id\":\"https:\/\/www.walleriana.com\/mag\/walleriana-coup-de-coeur-paris-frivole\/#primaryimage\"},\"datePublished\":\"2016-05-25T17:06:15+00:00\",\"dateModified\":\"2016-05-25T17:06:15+00:00\",\"description\":\"\\\"Walleriana est notre premier coup de coeur car derri\u00e8re la beaut\u00e9 du produit, se cache une utilit\u00e9 bien contemporaine...\\\" Le magazine Paris Frivole.\",\"breadcrumb\":{\"@id\":\"https:\/\/www.walleriana.com\/mag\/walleriana-coup-de-coeur-paris-frivole\/#breadcrumb\"},\"inLanguage\":\"fr-FR\",\"potentialAction\":[{\"@type\":\"ReadAction\",\"target\":[\"https:\/\/www.walleriana.com\/mag\/walleriana-coup-de-coeur-paris-frivole\/\"]}]},{\"@type\":\"BreadcrumbList\",\"@id\":\"https:\/\/www.walleriana.com\/mag\/walleriana-coup-de-coeur-paris-frivole\/#breadcrumb\",\"itemListElement\":[{\"@type\":\"ListItem\",\"position\":1,\"name\":\"Le mag walleriana\",\"item\":\"https:\/\/www.walleriana.com\/mag\/\"},{\"@type\":\"ListItem\",\"position\":2,\"name\":\"Le \u00ab\u00a0coup de coeur\u00a0\u00bb de Paris Frivole\"}]},{\"@type\":\"Article\",\"@id\":\"https:\/\/www.walleriana.com\/mag\/walleriana-coup-de-coeur-paris-frivole\/#article\",\"isPartOf\":{\"@id\":\"https:\/\/www.walleriana.com\/mag\/walleriana-coup-de-coeur-paris-frivole\/#webpage\"},\"author\":{\"name\":\"Juliette - Walleriana\",\"@id\":\"https:\/\/www.walleriana.com\/mag\/#\/schema\/person\/5baeac92243646b67742f8d3441398d9\"},\"headline\":\"Le \u00ab\u00a0coup de coeur\u00a0\u00bb de Paris Frivole\",\"datePublished\":\"2016-05-25T17:06:15+00:00\",\"dateModified\":\"2016-05-25T17:06:15+00:00\",\"mainEntityOfPage\":{\"@id\":\"https:\/\/www.walleriana.com\/mag\/walleriana-coup-de-coeur-paris-frivole\/#webpage\"},\"wordCount\":332,\"commentCount\":0,\"publisher\":{\"@id\":\"https:\/\/www.walleriana.com\/mag\/#organization\"},\"image\":{\"@id\":\"https:\/\/www.walleriana.com\/mag\/walleriana-coup-de-coeur-paris-frivole\/#primaryimage\"},\"thumbnailUrl\":\"https:\/\/www.walleriana.com\/mag\/wp-content\/uploads\/2016\/05\/1623684_731675413518288_99182279_n.jpg\",\"keywords\":[\"bas bien-\u00eatre\",\"chaussettes de voyage\",\"collants \u00e0 motifs plumetis\",\"collants galbants\",\"ils parlent de Walleriana\",\"Jambes l\u00e9g\u00e8res\",\"jambes lourdes\",\"Paris Frivole\",\"walleriana\"],\"articleSection\":[\"Ils en parlent\"],\"inLanguage\":\"fr-FR\",\"potentialAction\":[{\"@type\":\"CommentAction\",\"name\":\"Comment\",\"target\":[\"https:\/\/www.walleriana.com\/mag\/walleriana-coup-de-coeur-paris-frivole\/#respond\"]}]},{\"@type\":\"Person\",\"@id\":\"https:\/\/www.walleriana.com\/mag\/#\/schema\/person\/5baeac92243646b67742f8d3441398d9\",\"name\":\"Juliette - Walleriana\",\"image\":{\"@type\":\"ImageObject\",\"inLanguage\":\"fr-FR\",\"@id\":\"https:\/\/www.walleriana.com\/mag\/#\/schema\/person\/image\/\",\"url\":\"https:\/\/secure.gravatar.com\/avatar\/ce9c5a3e6e33bfab4a2e0f4a7c40f9e7?s=96&d=mm&r=g\",\"contentUrl\":\"https:\/\/secure.gravatar.com\/avatar\/ce9c5a3e6e33bfab4a2e0f4a7c40f9e7?s=96&d=mm&r=g\",\"caption\":\"Juliette - Walleriana\"},\"sameAs\":[\"https:\/\/walleriana.com\",\"https:\/\/www.facebook.com\/WallerianaTheShop\/\",\"https:\/\/twitter.com\/WallerianaParis\"],\"url\":\"https:\/\/www.walleriana.com\/mag\/author\/juliettewalleriana-com\/\"}]}<\/script>\n<!-- \/ Yoast SEO Premium plugin. -->","yoast_head_json":{"title":"Le \"coup de coeur\" de Paris Frivole - Libella - Le Mag","description":"\"Walleriana est notre premier coup de coeur car derri\u00e8re la beaut\u00e9 du produit, se cache une utilit\u00e9 bien contemporaine...\" Le magazine Paris Frivole.","robots":{"index":"index","follow":"follow","max-snippet":"max-snippet:-1","max-image-preview":"max-image-preview:large","max-video-preview":"max-video-preview:-1"},"canonical":"https:\/\/www.walleriana.com\/mag\/walleriana-coup-de-coeur-paris-frivole\/","og_locale":"fr_FR","og_type":"article","og_title":"Le \"coup de coeur\" de Paris Frivole","og_description":"Partenaire du salon Bande de Cr\u00e9ateurs durant\u00a0l'\u00e9dition d'avril 2016, Sarah, r\u00e9dactrice du magazine Paris Frivole, est venue \u00e0 la rencontre des cr\u00e9ateurs","og_url":"https:\/\/www.walleriana.com\/mag\/walleriana-coup-de-coeur-paris-frivole\/","og_site_name":"Libella - Le Mag","article_author":"https:\/\/www.facebook.com\/WallerianaTheShop\/","article_published_time":"2016-05-25T17:06:15+00:00","og_image":[{"width":869,"height":450,"url":"https:\/\/www.walleriana.com\/mag\/wp-content\/uploads\/2016\/05\/1623684_731675413518288_99182279_n.jpg","type":"image\/jpeg"}],"author":"Juliette - Walleriana","twitter_misc":{"\u00c9crit par":"Juliette - Walleriana","Dur\u00e9e de lecture estim\u00e9e":"2 minutes"},"schema":{"@context":"https:\/\/schema.org","@graph":[{"@type":"Organization","@id":"https:\/\/www.walleriana.com\/mag\/#organization","name":"Walleriana","url":"https:\/\/www.walleriana.com\/mag\/","sameAs":[],"logo":{"@type":"ImageObject","inLanguage":"fr-FR","@id":"https:\/\/www.walleriana.com\/mag\/#\/schema\/logo\/image\/","url":"https:\/\/walleriana.com\/mag\/wp-content\/uploads\/2021\/05\/Favicon-Walleriana.jpg","contentUrl":"https:\/\/walleriana.com\/mag\/wp-content\/uploads\/2021\/05\/Favicon-Walleriana.jpg","width":496,"height":317,"caption":"Walleriana"},"image":{"@id":"https:\/\/www.walleriana.com\/mag\/#\/schema\/logo\/image\/"}},{"@type":"WebSite","@id":"https:\/\/www.walleriana.com\/mag\/#website","url":"https:\/\/www.walleriana.com\/mag\/","name":"Libella - Le Mag","description":"Le Mag bien-\u00eatre &amp; style des jambes l\u00e9g\u00e8res","publisher":{"@id":"https:\/\/www.walleriana.com\/mag\/#organization"},"potentialAction":[{"@type":"SearchAction","target":{"@type":"EntryPoint","urlTemplate":"https:\/\/www.walleriana.com\/mag\/?s={search_term_string}"},"query-input":"required name=search_term_string"}],"inLanguage":"fr-FR"},{"@type":"ImageObject","inLanguage":"fr-FR","@id":"https:\/\/www.walleriana.com\/mag\/walleriana-coup-de-coeur-paris-frivole\/#primaryimage","url":"https:\/\/www.walleriana.com\/mag\/wp-content\/uploads\/2016\/05\/1623684_731675413518288_99182279_n.jpg","contentUrl":"https:\/\/www.walleriana.com\/mag\/wp-content\/uploads\/2016\/05\/1623684_731675413518288_99182279_n.jpg","width":869,"height":450,"caption":"Walleriana, coup de coeur de Paris Frivole"},{"@type":"WebPage","@id":"https:\/\/www.walleriana.com\/mag\/walleriana-coup-de-coeur-paris-frivole\/#webpage","url":"https:\/\/www.walleriana.com\/mag\/walleriana-coup-de-coeur-paris-frivole\/","name":"Le \"coup de coeur\" de Paris Frivole - Libella - Le Mag","isPartOf":{"@id":"https:\/\/www.walleriana.com\/mag\/#website"},"primaryImageOfPage":{"@id":"https:\/\/www.walleriana.com\/mag\/walleriana-coup-de-coeur-paris-frivole\/#primaryimage"},"datePublished":"2016-05-25T17:06:15+00:00","dateModified":"2016-05-25T17:06:15+00:00","description":"\"Walleriana est notre premier coup de coeur car derri\u00e8re la beaut\u00e9 du produit, se cache une utilit\u00e9 bien contemporaine...\" Le magazine Paris Frivole.","breadcrumb":{"@id":"https:\/\/www.walleriana.com\/mag\/walleriana-coup-de-coeur-paris-frivole\/#breadcrumb"},"inLanguage":"fr-FR","potentialAction":[{"@type":"ReadAction","target":["https:\/\/www.walleriana.com\/mag\/walleriana-coup-de-coeur-paris-frivole\/"]}]},{"@type":"BreadcrumbList","@id":"https:\/\/www.walleriana.com\/mag\/walleriana-coup-de-coeur-paris-frivole\/#breadcrumb","itemListElement":[{"@type":"ListItem","position":1,"name":"Le mag walleriana","item":"https:\/\/www.walleriana.com\/mag\/"},{"@type":"ListItem","position":2,"name":"Le \u00ab\u00a0coup de coeur\u00a0\u00bb de Paris Frivole"}]},{"@type":"Article","@id":"https:\/\/www.walleriana.com\/mag\/walleriana-coup-de-coeur-paris-frivole\/#article","isPartOf":{"@id":"https:\/\/www.walleriana.com\/mag\/walleriana-coup-de-coeur-paris-frivole\/#webpage"},"author":{"name":"Juliette - Walleriana","@id":"https:\/\/www.walleriana.com\/mag\/#\/schema\/person\/5baeac92243646b67742f8d3441398d9"},"headline":"Le \u00ab\u00a0coup de coeur\u00a0\u00bb de Paris Frivole","datePublished":"2016-05-25T17:06:15+00:00","dateModified":"2016-05-25T17:06:15+00:00","mainEntityOfPage":{"@id":"https:\/\/www.walleriana.com\/mag\/walleriana-coup-de-coeur-paris-frivole\/#webpage"},"wordCount":332,"commentCount":0,"publisher":{"@id":"https:\/\/www.walleriana.com\/mag\/#organization"},"image":{"@id":"https:\/\/www.walleriana.com\/mag\/walleriana-coup-de-coeur-paris-frivole\/#primaryimage"},"thumbnailUrl":"https:\/\/www.walleriana.com\/mag\/wp-content\/uploads\/2016\/05\/1623684_731675413518288_99182279_n.jpg","keywords":["bas bien-\u00eatre","chaussettes de voyage","collants \u00e0 motifs plumetis","collants galbants","ils parlent de Walleriana","Jambes l\u00e9g\u00e8res","jambes lourdes","Paris Frivole","walleriana"],"articleSection":["Ils en parlent"],"inLanguage":"fr-FR","potentialAction":[{"@type":"CommentAction","name":"Comment","target":["https:\/\/www.walleriana.com\/mag\/walleriana-coup-de-coeur-paris-frivole\/#respond"]}]},{"@type":"Person","@id":"https:\/\/www.walleriana.com\/mag\/#\/schema\/person\/5baeac92243646b67742f8d3441398d9","name":"Juliette - Walleriana","image":{"@type":"ImageObject","inLanguage":"fr-FR","@id":"https:\/\/www.walleriana.com\/mag\/#\/schema\/person\/image\/","url":"https:\/\/secure.gravatar.com\/avatar\/ce9c5a3e6e33bfab4a2e0f4a7c40f9e7?s=96&d=mm&r=g","contentUrl":"https:\/\/secure.gravatar.com\/avatar\/ce9c5a3e6e33bfab4a2e0f4a7c40f9e7?s=96&d=mm&r=g","caption":"Juliette - Walleriana"},"sameAs":["https:\/\/walleriana.com","https:\/\/www.facebook.com\/WallerianaTheShop\/","https:\/\/twitter.com\/WallerianaParis"],"url":"https:\/\/www.walleriana.com\/mag\/author\/juliettewalleriana-com\/"}]}},"_links":{"self":[{"href":"https:\/\/www.walleriana.com\/mag\/wp-json\/wp\/v2\/posts\/2423"}],"collection":[{"href":"https:\/\/www.walleriana.com\/mag\/wp-json\/wp\/v2\/posts"}],"about":[{"href":"https:\/\/www.walleriana.com\/mag\/wp-json\/wp\/v2\/types\/post"}],"author":[{"embeddable":true,"href":"https:\/\/www.walleriana.com\/mag\/wp-json\/wp\/v2\/users\/1"}],"replies":[{"embeddable":true,"href":"https:\/\/www.walleriana.com\/mag\/wp-json\/wp\/v2\/comments?post=2423"}],"version-history":[{"count":11,"href":"https:\/\/www.walleriana.com\/mag\/wp-json\/wp\/v2\/posts\/2423\/revisions"}],"predecessor-version":[{"id":2767,"href":"https:\/\/www.walleriana.com\/mag\/wp-json\/wp\/v2\/posts\/2423\/revisions\/2767"}],"wp:featuredmedia":[{"embeddable":true,"href":"https:\/\/www.walleriana.com\/mag\/wp-json\/wp\/v2\/media\/2768"}],"wp:attachment":[{"href":"https:\/\/www.walleriana.com\/mag\/wp-json\/wp\/v2\/media?parent=2423"}],"wp:term":[{"taxonomy":"category","embeddable":true,"href":"https:\/\/www.walleriana.com\/mag\/wp-json\/wp\/v2\/categories?post=2423"},{"taxonomy":"post_tag","embeddable":true,"href":"https:\/\/www.walleriana.com\/mag\/wp-json\/wp\/v2\/tags?post=2423"}],"curies":[{"name":"wp","href":"https:\/\/api.w.org\/{rel}","templated":true}]}}