{"id":2662,"date":"2016-05-25T14:01:27","date_gmt":"2016-05-25T13:01:27","guid":{"rendered":"http:\/\/blog.walleriana.com\/?p=2662"},"modified":"2016-05-25T14:07:18","modified_gmt":"2016-05-25T13:07:18","slug":"fete-des-meres-kit-de-voyage","status":"publish","type":"post","link":"https:\/\/www.walleriana.com\/mag\/fete-des-meres-kit-de-voyage\/","title":{"rendered":"F\u00eate des M\u00e8res : besoin d&rsquo;inspiration ?"},"content":{"rendered":"<p style=\"text-align: justify;\">Vous manquez d&rsquo;id\u00e9es pour la F\u00eate des M\u00e8res ? Il reste quelques exemplaires du Kit de Voyage Take me to \u00e0 shopper sur la boutique en ligne <a href=\"https:\/\/walleriana.com\/fr\/\" target=\"_blank\">Walleriana<\/a>, \u00e0 49,90 \u20ac au lieu de 72,40 \u20ac\u00a0: une jolie id\u00e9e originale que vous ne trouverez nulle part ailleurs.<\/p>\n<h2 style=\"text-align: justify;\">Offrez-lui un Kit de Voyage pour la F\u00eate des M\u00e8res&#8230;<\/h2>\n<ul>\n<li style=\"text-align: justify;\">un t-shirt en coton biologique au design original r\u00e9alis\u00e9 par la designeuse Marie Boussard pour Walleriana. Qui n&rsquo;a jamais souhait\u00e9 avoir un t-shirt tout l\u00e9ger pour se changer \u00e0 l&rsquo;a\u00e9roport apr\u00e8s de trop nombreuses heures de vol ?<\/li>\n<\/ul>\n<p><a href=\"https:\/\/walleriana.com\/fr\/23-les-kits\"><img loading=\"lazy\" class=\"aligncenter wp-image-2728 size-medium\" src=\"https:\/\/mag.walleriana.com\/wp-content\/uploads\/2016\/05\/DSC4742-280x300.jpg\" alt=\"Vous lui offrez quoi pour la f\u00eate des m\u00e8res : kit de voyage Walleriana\" width=\"280\" height=\"300\" srcset=\"https:\/\/www.walleriana.com\/mag\/wp-content\/uploads\/2016\/05\/DSC4742-280x300.jpg 280w, https:\/\/www.walleriana.com\/mag\/wp-content\/uploads\/2016\/05\/DSC4742-187x200.jpg 187w, https:\/\/www.walleriana.com\/mag\/wp-content\/uploads\/2016\/05\/DSC4742-370x397.jpg 370w, https:\/\/www.walleriana.com\/mag\/wp-content\/uploads\/2016\/05\/DSC4742-570x611.jpg 570w, https:\/\/www.walleriana.com\/mag\/wp-content\/uploads\/2016\/05\/DSC4742-541x580.jpg 541w, https:\/\/www.walleriana.com\/mag\/wp-content\/uploads\/2016\/05\/DSC4742.jpg 650w\" sizes=\"(max-width: 280px) 100vw, 280px\" \/><\/a><\/p>\n<ul>\n<li style=\"text-align: justify;\">un masque de nuit acidul\u00e9, r\u00e9alis\u00e9 par la cr\u00e9atrice Ludivine Veissid pour Walleriana. 100% coton d&rsquo;un c\u00f4t\u00e9, et dot\u00e9 d&rsquo;une doublure en soie pour un effet totalement douillet. Avec ce masque, c&rsquo;est certain, vous allez dormir comme un b\u00e9b\u00e9 dans l&rsquo;avion !<\/li>\n<\/ul>\n<p><img loading=\"lazy\" class=\"wp-image-2727 size-medium alignleft\" src=\"https:\/\/mag.walleriana.com\/wp-content\/uploads\/2016\/05\/220316_89-copie-e1464174872391-262x300.jpg\" alt=\"Vous lui offrez quoi pour la f\u00eate des m\u00e8res : kit de voyage Walleriana\" width=\"262\" height=\"300\" srcset=\"https:\/\/www.walleriana.com\/mag\/wp-content\/uploads\/2016\/05\/220316_89-copie-e1464174872391-262x300.jpg 262w, https:\/\/www.walleriana.com\/mag\/wp-content\/uploads\/2016\/05\/220316_89-copie-e1464174872391-175x200.jpg 175w, https:\/\/www.walleriana.com\/mag\/wp-content\/uploads\/2016\/05\/220316_89-copie-e1464174872391-370x423.jpg 370w, https:\/\/www.walleriana.com\/mag\/wp-content\/uploads\/2016\/05\/220316_89-copie-e1464174872391-570x652.jpg 570w, https:\/\/www.walleriana.com\/mag\/wp-content\/uploads\/2016\/05\/220316_89-copie-e1464174872391-507x580.jpg 507w, https:\/\/www.walleriana.com\/mag\/wp-content\/uploads\/2016\/05\/220316_89-copie-e1464174872391.jpg 699w\" sizes=\"(max-width: 262px) 100vw, 262px\" \/><img loading=\"lazy\" class=\"wp-image-2726 size-medium aligncenter\" src=\"https:\/\/mag.walleriana.com\/wp-content\/uploads\/2016\/05\/220316_94_2-copie-e1464174911669-255x300.jpg\" alt=\"Vous lui offrez quoi pour la f\u00eate des m\u00e8res : kit de voyage Walleriana\" width=\"255\" height=\"300\" srcset=\"https:\/\/www.walleriana.com\/mag\/wp-content\/uploads\/2016\/05\/220316_94_2-copie-e1464174911669-255x300.jpg 255w, https:\/\/www.walleriana.com\/mag\/wp-content\/uploads\/2016\/05\/220316_94_2-copie-e1464174911669-170x200.jpg 170w, https:\/\/www.walleriana.com\/mag\/wp-content\/uploads\/2016\/05\/220316_94_2-copie-e1464174911669-370x435.jpg 370w, https:\/\/www.walleriana.com\/mag\/wp-content\/uploads\/2016\/05\/220316_94_2-copie-e1464174911669-570x671.jpg 570w, https:\/\/www.walleriana.com\/mag\/wp-content\/uploads\/2016\/05\/220316_94_2-copie-e1464174911669-493x580.jpg 493w, https:\/\/www.walleriana.com\/mag\/wp-content\/uploads\/2016\/05\/220316_94_2-copie-e1464174911669.jpg 650w\" sizes=\"(max-width: 255px) 100vw, 255px\" \/><\/p>\n<ul style=\"list-style-type: disc;\">\n<li style=\"text-align: justify;\">une paire de chaussettes noires dot\u00e9es d&rsquo;une compression mod\u00e9r\u00e9e pour aider les gambettes \u00e0 rester l\u00e9g\u00e8res m\u00eame apr\u00e8s 8 heures de vol (il est conseill\u00e9 de porter des chaussettes \u00e0 compression mod\u00e9r\u00e9e, plus connues sous le terme barbare de chaussettes de contention lors de vols de plus de 4 heures).<\/li>\n<\/ul>\n<p><img loading=\"lazy\" class=\"size-medium wp-image-2739 alignleft\" src=\"https:\/\/mag.walleriana.com\/wp-content\/uploads\/2016\/05\/TAKEMETONEWYORK2-e1464175210716-213x300.jpg\" alt=\"Vide dressing de Violette Sauvage : Vous lui offrez quoi pour la f\u00eate des m\u00e8res : kit de voyage Walleriana\" width=\"213\" height=\"300\" srcset=\"https:\/\/www.walleriana.com\/mag\/wp-content\/uploads\/2016\/05\/TAKEMETONEWYORK2-e1464175210716-213x300.jpg 213w, https:\/\/www.walleriana.com\/mag\/wp-content\/uploads\/2016\/05\/TAKEMETONEWYORK2-e1464175210716-142x200.jpg 142w, https:\/\/www.walleriana.com\/mag\/wp-content\/uploads\/2016\/05\/TAKEMETONEWYORK2-e1464175210716-370x522.jpg 370w, https:\/\/www.walleriana.com\/mag\/wp-content\/uploads\/2016\/05\/TAKEMETONEWYORK2-e1464175210716-570x805.jpg 570w, https:\/\/www.walleriana.com\/mag\/wp-content\/uploads\/2016\/05\/TAKEMETONEWYORK2-e1464175210716-411x580.jpg 411w, https:\/\/www.walleriana.com\/mag\/wp-content\/uploads\/2016\/05\/TAKEMETONEWYORK2-e1464175210716.jpg 700w\" sizes=\"(max-width: 213px) 100vw, 213px\" \/> <img loading=\"lazy\" class=\"size-medium wp-image-2738 aligncenter\" src=\"https:\/\/mag.walleriana.com\/wp-content\/uploads\/2016\/05\/TMTNY-e1464175232551-217x300.jpg\" alt=\"Vide dressing de Violette Sauvage : Vous lui offrez quoi pour la f\u00eate des m\u00e8res : kit de voyage Walleriana\" width=\"217\" height=\"300\" srcset=\"https:\/\/www.walleriana.com\/mag\/wp-content\/uploads\/2016\/05\/TMTNY-e1464175232551-217x300.jpg 217w, https:\/\/www.walleriana.com\/mag\/wp-content\/uploads\/2016\/05\/TMTNY-e1464175232551-145x200.jpg 145w, https:\/\/www.walleriana.com\/mag\/wp-content\/uploads\/2016\/05\/TMTNY-e1464175232551-370x512.jpg 370w, https:\/\/www.walleriana.com\/mag\/wp-content\/uploads\/2016\/05\/TMTNY-e1464175232551-419x580.jpg 419w, https:\/\/www.walleriana.com\/mag\/wp-content\/uploads\/2016\/05\/TMTNY-e1464175232551.jpg 499w\" sizes=\"(max-width: 217px) 100vw, 217px\" \/><\/p>\n<ul style=\"list-style-type: disc;\">\n<li style=\"text-align: justify;\">une mini brosse \u00e0 dents jetable sur laquelle est pr\u00e9-dispos\u00e9e une p\u00e2te dentifrice, pour arriver fra\u00eeche \u00e0 destination !<\/li>\n<\/ul>\n<p style=\"text-align: justify;\"><img loading=\"lazy\" class=\"size-medium wp-image-2740 aligncenter\" src=\"https:\/\/mag.walleriana.com\/wp-content\/uploads\/2016\/05\/IMG_1344-e1464175461841-300x296.jpg\" alt=\"Vous lui offrez quoi pour la f\u00eate des m\u00e8res : kit de voyage Walleriana\" width=\"300\" height=\"296\" srcset=\"https:\/\/www.walleriana.com\/mag\/wp-content\/uploads\/2016\/05\/IMG_1344-e1464175461841-300x296.jpg 300w, https:\/\/www.walleriana.com\/mag\/wp-content\/uploads\/2016\/05\/IMG_1344-e1464175461841-768x757.jpg 768w, https:\/\/www.walleriana.com\/mag\/wp-content\/uploads\/2016\/05\/IMG_1344-e1464175461841-200x197.jpg 200w, https:\/\/www.walleriana.com\/mag\/wp-content\/uploads\/2016\/05\/IMG_1344-e1464175461841-370x365.jpg 370w, https:\/\/www.walleriana.com\/mag\/wp-content\/uploads\/2016\/05\/IMG_1344-e1464175461841-570x562.jpg 570w, https:\/\/www.walleriana.com\/mag\/wp-content\/uploads\/2016\/05\/IMG_1344-e1464175461841-770x759.jpg 770w, https:\/\/www.walleriana.com\/mag\/wp-content\/uploads\/2016\/05\/IMG_1344-e1464175461841-588x580.jpg 588w, https:\/\/www.walleriana.com\/mag\/wp-content\/uploads\/2016\/05\/IMG_1344-e1464175461841.jpg 999w\" sizes=\"(max-width: 300px) 100vw, 300px\" \/><\/p>\n<p style=\"text-align: justify;\">Ces petits accessoires sont pr\u00e9sent\u00e9s dans une jolie pochette en coton recycl\u00e9.<\/p>\n<h2 style=\"text-align: justify;\">Venez shopper nos nouveaut\u00e9s en exclusivit\u00e9 sur le Vide Dressing de Violette Sauvage<\/h2>\n<p style=\"text-align: justify;\">Un\u00a0Kit de Voyage aux couleurs chaudes sur le th\u00e8me de San Francisco va bient\u00f4t voir le jour sur l&rsquo;eshop. Il sera pr\u00e9sent\u00e9 en avant premi\u00e8re lors du Vide Dressing de Violette Sauvage, <strong>les 28 et 29 mai 2016<\/strong>, rue des Archives \u00e0 Paris. Si vous cherchiez un endroit o\u00f9\u00a0d\u00e9nicher des cadeaux\u00a0originaux pour la F\u00eate des M\u00e8res, le Vide Dressing de Violette Sauvage est THE PLACE TO BE !<\/p>\n<p><a href=\"https:\/\/www.facebook.com\/Violette-Sauvage-Association-Vide-dressing-g%C3%A9ant-160953363995944\/?fref=ts\"><img loading=\"lazy\" class=\"aligncenter wp-image-2733 size-large\" src=\"https:\/\/mag.walleriana.com\/wp-content\/uploads\/2016\/05\/13227418_1021311791293426_7011734362855995968_o-726x1024.png\" alt=\"Vide dressing de Violette Sauvage, vous lui offrez quoi pour la f\u00eate des m\u00e8res : kit de voyage Walleriana\" width=\"726\" height=\"1024\" srcset=\"https:\/\/www.walleriana.com\/mag\/wp-content\/uploads\/2016\/05\/13227418_1021311791293426_7011734362855995968_o-726x1024.png 726w, https:\/\/www.walleriana.com\/mag\/wp-content\/uploads\/2016\/05\/13227418_1021311791293426_7011734362855995968_o-213x300.png 213w, https:\/\/www.walleriana.com\/mag\/wp-content\/uploads\/2016\/05\/13227418_1021311791293426_7011734362855995968_o-768x1084.png 768w, https:\/\/www.walleriana.com\/mag\/wp-content\/uploads\/2016\/05\/13227418_1021311791293426_7011734362855995968_o-142x200.png 142w, https:\/\/www.walleriana.com\/mag\/wp-content\/uploads\/2016\/05\/13227418_1021311791293426_7011734362855995968_o-370x522.png 370w, https:\/\/www.walleriana.com\/mag\/wp-content\/uploads\/2016\/05\/13227418_1021311791293426_7011734362855995968_o-570x804.png 570w, https:\/\/www.walleriana.com\/mag\/wp-content\/uploads\/2016\/05\/13227418_1021311791293426_7011734362855995968_o-770x1087.png 770w, https:\/\/www.walleriana.com\/mag\/wp-content\/uploads\/2016\/05\/13227418_1021311791293426_7011734362855995968_o-1170x1651.png 1170w, https:\/\/www.walleriana.com\/mag\/wp-content\/uploads\/2016\/05\/13227418_1021311791293426_7011734362855995968_o-411x580.png 411w, https:\/\/www.walleriana.com\/mag\/wp-content\/uploads\/2016\/05\/13227418_1021311791293426_7011734362855995968_o.png 1250w\" sizes=\"(max-width: 726px) 100vw, 726px\" \/><\/a><\/p>\n<figure id=\"attachment_2731\" aria-describedby=\"caption-attachment-2731\" style=\"width: 1024px\" class=\"wp-caption aligncenter\"><a href=\"https:\/\/walleriana.com\/fr\/home\/11-kit-de-voyage-take-me-to.html\"><img loading=\"lazy\" class=\"wp-image-2731 size-large\" src=\"https:\/\/mag.walleriana.com\/wp-content\/uploads\/2016\/05\/DSC4866b-1024x684.jpg\" alt=\"Vous lui offrez quoi pour la f\u00eate des m\u00e8res : kit de voyage Walleriana\" width=\"1024\" height=\"684\" srcset=\"https:\/\/www.walleriana.com\/mag\/wp-content\/uploads\/2016\/05\/DSC4866b-1024x684.jpg 1024w, https:\/\/www.walleriana.com\/mag\/wp-content\/uploads\/2016\/05\/DSC4866b-300x200.jpg 300w, https:\/\/www.walleriana.com\/mag\/wp-content\/uploads\/2016\/05\/DSC4866b-768x513.jpg 768w, https:\/\/www.walleriana.com\/mag\/wp-content\/uploads\/2016\/05\/DSC4866b-200x134.jpg 200w, https:\/\/www.walleriana.com\/mag\/wp-content\/uploads\/2016\/05\/DSC4866b-370x247.jpg 370w, https:\/\/www.walleriana.com\/mag\/wp-content\/uploads\/2016\/05\/DSC4866b-270x180.jpg 270w, https:\/\/www.walleriana.com\/mag\/wp-content\/uploads\/2016\/05\/DSC4866b-570x381.jpg 570w, https:\/\/www.walleriana.com\/mag\/wp-content\/uploads\/2016\/05\/DSC4866b-770x514.jpg 770w, https:\/\/www.walleriana.com\/mag\/wp-content\/uploads\/2016\/05\/DSC4866b-1170x781.jpg 1170w, https:\/\/www.walleriana.com\/mag\/wp-content\/uploads\/2016\/05\/DSC4866b-869x580.jpg 869w, https:\/\/www.walleriana.com\/mag\/wp-content\/uploads\/2016\/05\/DSC4866b.jpg 1805w\" sizes=\"(max-width: 1024px) 100vw, 1024px\" \/><\/a><figcaption id=\"caption-attachment-2731\" class=\"wp-caption-text\">Vous lui offrez quoi pour la f\u00eate des m\u00e8res ? Les Kit de Voyage by Walleriana<\/figcaption><\/figure>\n<p><a href=\"https:\/\/walleriana.com\/fr\/home\/11-kit-de-voyage-take-me-to.html\"><img loading=\"lazy\" class=\"aligncenter wp-image-2664 size-large\" src=\"https:\/\/mag.walleriana.com\/wp-content\/uploads\/2016\/05\/220316_91-FETE-DES-MERES-1024x530.jpg\" alt=\"Vous lui offrez quoi pour la f\u00eate des m\u00e8res : kit de voyage Walleriana\" width=\"1024\" height=\"530\" srcset=\"https:\/\/www.walleriana.com\/mag\/wp-content\/uploads\/2016\/05\/220316_91-FETE-DES-MERES-1024x530.jpg 1024w, https:\/\/www.walleriana.com\/mag\/wp-content\/uploads\/2016\/05\/220316_91-FETE-DES-MERES-300x155.jpg 300w, https:\/\/www.walleriana.com\/mag\/wp-content\/uploads\/2016\/05\/220316_91-FETE-DES-MERES-768x398.jpg 768w, https:\/\/www.walleriana.com\/mag\/wp-content\/uploads\/2016\/05\/220316_91-FETE-DES-MERES-200x104.jpg 200w, https:\/\/www.walleriana.com\/mag\/wp-content\/uploads\/2016\/05\/220316_91-FETE-DES-MERES-370x192.jpg 370w, https:\/\/www.walleriana.com\/mag\/wp-content\/uploads\/2016\/05\/220316_91-FETE-DES-MERES-570x295.jpg 570w, https:\/\/www.walleriana.com\/mag\/wp-content\/uploads\/2016\/05\/220316_91-FETE-DES-MERES-770x399.jpg 770w, https:\/\/www.walleriana.com\/mag\/wp-content\/uploads\/2016\/05\/220316_91-FETE-DES-MERES-1170x606.jpg 1170w, https:\/\/www.walleriana.com\/mag\/wp-content\/uploads\/2016\/05\/220316_91-FETE-DES-MERES-1120x580.jpg 1120w\" sizes=\"(max-width: 1024px) 100vw, 1024px\" \/><\/a><\/p>\n<h2>Kit de voyage \u00e0 retrouver sur l&rsquo;eshop<\/h2>\n<p><a href=\"https:\/\/walleriana.com\/fr\/23-les-kits\" target=\"_blank\">La boutique walleriana<\/a><\/p>\n<p><em>Photos looks : <a href=\"https:\/\/www.sarahdesti.com\/\" target=\"_blank\">Sarah Desti <\/a>pour Walleriana<\/em><\/p>\n<p><em>Photos produits : <a href=\"https:\/\/www.nunomartinsphotographer.com\/home\" target=\"_blank\">Nuno Martins<\/a> pour Walleriana<\/em><\/p>\n","protected":false},"excerpt":{"rendered":"<p>Vous manquez d&rsquo;id\u00e9es pour la F\u00eate des M\u00e8res ? Il reste quelques exemplaires du Kit de Voyage Take me to&#8230;<\/p>\n","protected":false},"author":1,"featured_media":2724,"comment_status":"open","ping_status":"open","sticky":false,"template":"","format":"standard","meta":{"rop_custom_images_group":[],"rop_custom_messages_group":[],"rop_publish_now":"initial","rop_publish_now_accounts":[],"rop_publish_now_history":[],"rop_publish_now_status":"pending"},"categories":[99],"tags":[206,207,288,196,770,194,242,193,218,152,269,842,840,310,844,305],"yoast_head":"<!-- This site is optimized with the Yoast SEO Premium plugin v18.6 (Yoast SEO v19.2) - https:\/\/yoast.com\/wordpress\/plugins\/seo\/ -->\n<title>F\u00eate des M\u00e8res : besoin d&#039;inspiration ? - Libella - Le Mag<\/title>\n<meta name=\"description\" content=\"Vous manquez d&#039;id\u00e9es pour la F\u00eate des M\u00e8res ? Venez d\u00e9nicher des cadeaux originaux au Vide Dressing de Violette Sauvage, les 28 et 29 mai 2016.\" \/>\n<meta name=\"robots\" content=\"index, follow, max-snippet:-1, max-image-preview:large, max-video-preview:-1\" \/>\n<link rel=\"canonical\" href=\"https:\/\/www.walleriana.com\/mag\/fete-des-meres-kit-de-voyage\/\" \/>\n<meta property=\"og:locale\" content=\"fr_FR\" \/>\n<meta property=\"og:type\" content=\"article\" \/>\n<meta property=\"og:title\" content=\"F\u00eate des M\u00e8res : besoin d&#039;inspiration ?\" \/>\n<meta property=\"og:description\" content=\"Vous manquez d&#039;id\u00e9es pour la F\u00eate des M\u00e8res ? Il reste quelques exemplaires du Kit de Voyage Take me to \u00e0 shopper sur la boutique en ligne Walleriana, \u00e0\" \/>\n<meta property=\"og:url\" content=\"https:\/\/www.walleriana.com\/mag\/fete-des-meres-kit-de-voyage\/\" \/>\n<meta property=\"og:site_name\" content=\"Libella - Le Mag\" \/>\n<meta property=\"article:author\" content=\"https:\/\/www.facebook.com\/WallerianaTheShop\/\" \/>\n<meta property=\"article:published_time\" content=\"2016-05-25T13:01:27+00:00\" \/>\n<meta property=\"article:modified_time\" content=\"2016-05-25T13:07:18+00:00\" \/>\n<meta property=\"og:image\" content=\"https:\/\/www.walleriana.com\/mag\/wp-content\/uploads\/2016\/05\/220316_91-FB.jpg\" \/>\n\t<meta property=\"og:image:width\" content=\"1200\" \/>\n\t<meta property=\"og:image:height\" content=\"800\" \/>\n\t<meta property=\"og:image:type\" content=\"image\/jpeg\" \/>\n<meta name=\"author\" content=\"Juliette - Walleriana\" \/>\n<meta name=\"twitter:label1\" content=\"\u00c9crit par\" \/>\n\t<meta name=\"twitter:data1\" content=\"Juliette - Walleriana\" \/>\n\t<meta name=\"twitter:label2\" content=\"Dur\u00e9e de lecture estim\u00e9e\" \/>\n\t<meta name=\"twitter:data2\" content=\"2 minutes\" \/>\n<script type=\"application\/ld+json\" class=\"yoast-schema-graph\">{\"@context\":\"https:\/\/schema.org\",\"@graph\":[{\"@type\":\"Organization\",\"@id\":\"https:\/\/www.walleriana.com\/mag\/#organization\",\"name\":\"Walleriana\",\"url\":\"https:\/\/www.walleriana.com\/mag\/\",\"sameAs\":[],\"logo\":{\"@type\":\"ImageObject\",\"inLanguage\":\"fr-FR\",\"@id\":\"https:\/\/www.walleriana.com\/mag\/#\/schema\/logo\/image\/\",\"url\":\"https:\/\/walleriana.com\/mag\/wp-content\/uploads\/2021\/05\/Favicon-Walleriana.jpg\",\"contentUrl\":\"https:\/\/walleriana.com\/mag\/wp-content\/uploads\/2021\/05\/Favicon-Walleriana.jpg\",\"width\":496,\"height\":317,\"caption\":\"Walleriana\"},\"image\":{\"@id\":\"https:\/\/www.walleriana.com\/mag\/#\/schema\/logo\/image\/\"}},{\"@type\":\"WebSite\",\"@id\":\"https:\/\/www.walleriana.com\/mag\/#website\",\"url\":\"https:\/\/www.walleriana.com\/mag\/\",\"name\":\"Libella - Le Mag\",\"description\":\"Le Mag bien-\u00eatre &amp; style des jambes l\u00e9g\u00e8res\",\"publisher\":{\"@id\":\"https:\/\/www.walleriana.com\/mag\/#organization\"},\"potentialAction\":[{\"@type\":\"SearchAction\",\"target\":{\"@type\":\"EntryPoint\",\"urlTemplate\":\"https:\/\/www.walleriana.com\/mag\/?s={search_term_string}\"},\"query-input\":\"required name=search_term_string\"}],\"inLanguage\":\"fr-FR\"},{\"@type\":\"ImageObject\",\"inLanguage\":\"fr-FR\",\"@id\":\"https:\/\/www.walleriana.com\/mag\/fete-des-meres-kit-de-voyage\/#primaryimage\",\"url\":\"https:\/\/www.walleriana.com\/mag\/wp-content\/uploads\/2016\/05\/220316_91-FB.jpg\",\"contentUrl\":\"https:\/\/www.walleriana.com\/mag\/wp-content\/uploads\/2016\/05\/220316_91-FB.jpg\",\"width\":1200,\"height\":800,\"caption\":\"Vous lui offrez quoi pour la f\u00eate des m\u00e8res ?\"},{\"@type\":\"WebPage\",\"@id\":\"https:\/\/www.walleriana.com\/mag\/fete-des-meres-kit-de-voyage\/#webpage\",\"url\":\"https:\/\/www.walleriana.com\/mag\/fete-des-meres-kit-de-voyage\/\",\"name\":\"F\u00eate des M\u00e8res : besoin d'inspiration ? - Libella - Le Mag\",\"isPartOf\":{\"@id\":\"https:\/\/www.walleriana.com\/mag\/#website\"},\"primaryImageOfPage\":{\"@id\":\"https:\/\/www.walleriana.com\/mag\/fete-des-meres-kit-de-voyage\/#primaryimage\"},\"datePublished\":\"2016-05-25T13:01:27+00:00\",\"dateModified\":\"2016-05-25T13:07:18+00:00\",\"description\":\"Vous manquez d'id\u00e9es pour la F\u00eate des M\u00e8res ? Venez d\u00e9nicher des cadeaux originaux au Vide Dressing de Violette Sauvage, les 28 et 29 mai 2016.\",\"breadcrumb\":{\"@id\":\"https:\/\/www.walleriana.com\/mag\/fete-des-meres-kit-de-voyage\/#breadcrumb\"},\"inLanguage\":\"fr-FR\",\"potentialAction\":[{\"@type\":\"ReadAction\",\"target\":[\"https:\/\/www.walleriana.com\/mag\/fete-des-meres-kit-de-voyage\/\"]}]},{\"@type\":\"BreadcrumbList\",\"@id\":\"https:\/\/www.walleriana.com\/mag\/fete-des-meres-kit-de-voyage\/#breadcrumb\",\"itemListElement\":[{\"@type\":\"ListItem\",\"position\":1,\"name\":\"Le mag walleriana\",\"item\":\"https:\/\/www.walleriana.com\/mag\/\"},{\"@type\":\"ListItem\",\"position\":2,\"name\":\"F\u00eate des M\u00e8res : besoin d&rsquo;inspiration ?\"}]},{\"@type\":\"Article\",\"@id\":\"https:\/\/www.walleriana.com\/mag\/fete-des-meres-kit-de-voyage\/#article\",\"isPartOf\":{\"@id\":\"https:\/\/www.walleriana.com\/mag\/fete-des-meres-kit-de-voyage\/#webpage\"},\"author\":{\"name\":\"Juliette - Walleriana\",\"@id\":\"https:\/\/www.walleriana.com\/mag\/#\/schema\/person\/5baeac92243646b67742f8d3441398d9\"},\"headline\":\"F\u00eate des M\u00e8res : besoin d&rsquo;inspiration ?\",\"datePublished\":\"2016-05-25T13:01:27+00:00\",\"dateModified\":\"2016-05-25T13:07:18+00:00\",\"mainEntityOfPage\":{\"@id\":\"https:\/\/www.walleriana.com\/mag\/fete-des-meres-kit-de-voyage\/#webpage\"},\"wordCount\":368,\"commentCount\":0,\"publisher\":{\"@id\":\"https:\/\/www.walleriana.com\/mag\/#organization\"},\"image\":{\"@id\":\"https:\/\/www.walleriana.com\/mag\/fete-des-meres-kit-de-voyage\/#primaryimage\"},\"thumbnailUrl\":\"https:\/\/www.walleriana.com\/mag\/wp-content\/uploads\/2016\/05\/220316_91-FB.jpg\",\"keywords\":[\"chaussettes \u00e0 compression douce\",\"chaussettes bien-\u00eatre\",\"chaussettes bien-\u00eatre walleriana\",\"chaussettes d'avion\",\"chaussettes de contention\",\"chaussettes de contention jolies\",\"chaussettes de support\",\"chaussettes de voyage\",\"chaussettes hautes \u00e0 compression douce\",\"f\u00eate des m\u00e8res\",\"id\u00e9es cadeaux\",\"id\u00e9es cadeaux pour la F\u00eate des M\u00e8res\",\"Kit de Voyage\",\"travel\",\"travel kit\",\"voyage\"],\"articleSection\":[\"En ce moment...\"],\"inLanguage\":\"fr-FR\",\"potentialAction\":[{\"@type\":\"CommentAction\",\"name\":\"Comment\",\"target\":[\"https:\/\/www.walleriana.com\/mag\/fete-des-meres-kit-de-voyage\/#respond\"]}]},{\"@type\":\"Person\",\"@id\":\"https:\/\/www.walleriana.com\/mag\/#\/schema\/person\/5baeac92243646b67742f8d3441398d9\",\"name\":\"Juliette - Walleriana\",\"image\":{\"@type\":\"ImageObject\",\"inLanguage\":\"fr-FR\",\"@id\":\"https:\/\/www.walleriana.com\/mag\/#\/schema\/person\/image\/\",\"url\":\"https:\/\/secure.gravatar.com\/avatar\/ce9c5a3e6e33bfab4a2e0f4a7c40f9e7?s=96&d=mm&r=g\",\"contentUrl\":\"https:\/\/secure.gravatar.com\/avatar\/ce9c5a3e6e33bfab4a2e0f4a7c40f9e7?s=96&d=mm&r=g\",\"caption\":\"Juliette - Walleriana\"},\"sameAs\":[\"https:\/\/walleriana.com\",\"https:\/\/www.facebook.com\/WallerianaTheShop\/\",\"https:\/\/twitter.com\/WallerianaParis\"],\"url\":\"https:\/\/www.walleriana.com\/mag\/author\/juliettewalleriana-com\/\"}]}<\/script>\n<!-- \/ Yoast SEO Premium plugin. -->","yoast_head_json":{"title":"F\u00eate des M\u00e8res : besoin d'inspiration ? - Libella - Le Mag","description":"Vous manquez d'id\u00e9es pour la F\u00eate des M\u00e8res ? Venez d\u00e9nicher des cadeaux originaux au Vide Dressing de Violette Sauvage, les 28 et 29 mai 2016.","robots":{"index":"index","follow":"follow","max-snippet":"max-snippet:-1","max-image-preview":"max-image-preview:large","max-video-preview":"max-video-preview:-1"},"canonical":"https:\/\/www.walleriana.com\/mag\/fete-des-meres-kit-de-voyage\/","og_locale":"fr_FR","og_type":"article","og_title":"F\u00eate des M\u00e8res : besoin d'inspiration ?","og_description":"Vous manquez d'id\u00e9es pour la F\u00eate des M\u00e8res ? Il reste quelques exemplaires du Kit de Voyage Take me to \u00e0 shopper sur la boutique en ligne Walleriana, \u00e0","og_url":"https:\/\/www.walleriana.com\/mag\/fete-des-meres-kit-de-voyage\/","og_site_name":"Libella - Le Mag","article_author":"https:\/\/www.facebook.com\/WallerianaTheShop\/","article_published_time":"2016-05-25T13:01:27+00:00","article_modified_time":"2016-05-25T13:07:18+00:00","og_image":[{"width":1200,"height":800,"url":"https:\/\/www.walleriana.com\/mag\/wp-content\/uploads\/2016\/05\/220316_91-FB.jpg","type":"image\/jpeg"}],"author":"Juliette - Walleriana","twitter_misc":{"\u00c9crit par":"Juliette - Walleriana","Dur\u00e9e de lecture estim\u00e9e":"2 minutes"},"schema":{"@context":"https:\/\/schema.org","@graph":[{"@type":"Organization","@id":"https:\/\/www.walleriana.com\/mag\/#organization","name":"Walleriana","url":"https:\/\/www.walleriana.com\/mag\/","sameAs":[],"logo":{"@type":"ImageObject","inLanguage":"fr-FR","@id":"https:\/\/www.walleriana.com\/mag\/#\/schema\/logo\/image\/","url":"https:\/\/walleriana.com\/mag\/wp-content\/uploads\/2021\/05\/Favicon-Walleriana.jpg","contentUrl":"https:\/\/walleriana.com\/mag\/wp-content\/uploads\/2021\/05\/Favicon-Walleriana.jpg","width":496,"height":317,"caption":"Walleriana"},"image":{"@id":"https:\/\/www.walleriana.com\/mag\/#\/schema\/logo\/image\/"}},{"@type":"WebSite","@id":"https:\/\/www.walleriana.com\/mag\/#website","url":"https:\/\/www.walleriana.com\/mag\/","name":"Libella - Le Mag","description":"Le Mag bien-\u00eatre &amp; style des jambes l\u00e9g\u00e8res","publisher":{"@id":"https:\/\/www.walleriana.com\/mag\/#organization"},"potentialAction":[{"@type":"SearchAction","target":{"@type":"EntryPoint","urlTemplate":"https:\/\/www.walleriana.com\/mag\/?s={search_term_string}"},"query-input":"required name=search_term_string"}],"inLanguage":"fr-FR"},{"@type":"ImageObject","inLanguage":"fr-FR","@id":"https:\/\/www.walleriana.com\/mag\/fete-des-meres-kit-de-voyage\/#primaryimage","url":"https:\/\/www.walleriana.com\/mag\/wp-content\/uploads\/2016\/05\/220316_91-FB.jpg","contentUrl":"https:\/\/www.walleriana.com\/mag\/wp-content\/uploads\/2016\/05\/220316_91-FB.jpg","width":1200,"height":800,"caption":"Vous lui offrez quoi pour la f\u00eate des m\u00e8res ?"},{"@type":"WebPage","@id":"https:\/\/www.walleriana.com\/mag\/fete-des-meres-kit-de-voyage\/#webpage","url":"https:\/\/www.walleriana.com\/mag\/fete-des-meres-kit-de-voyage\/","name":"F\u00eate des M\u00e8res : besoin d'inspiration ? - Libella - Le Mag","isPartOf":{"@id":"https:\/\/www.walleriana.com\/mag\/#website"},"primaryImageOfPage":{"@id":"https:\/\/www.walleriana.com\/mag\/fete-des-meres-kit-de-voyage\/#primaryimage"},"datePublished":"2016-05-25T13:01:27+00:00","dateModified":"2016-05-25T13:07:18+00:00","description":"Vous manquez d'id\u00e9es pour la F\u00eate des M\u00e8res ? Venez d\u00e9nicher des cadeaux originaux au Vide Dressing de Violette Sauvage, les 28 et 29 mai 2016.","breadcrumb":{"@id":"https:\/\/www.walleriana.com\/mag\/fete-des-meres-kit-de-voyage\/#breadcrumb"},"inLanguage":"fr-FR","potentialAction":[{"@type":"ReadAction","target":["https:\/\/www.walleriana.com\/mag\/fete-des-meres-kit-de-voyage\/"]}]},{"@type":"BreadcrumbList","@id":"https:\/\/www.walleriana.com\/mag\/fete-des-meres-kit-de-voyage\/#breadcrumb","itemListElement":[{"@type":"ListItem","position":1,"name":"Le mag walleriana","item":"https:\/\/www.walleriana.com\/mag\/"},{"@type":"ListItem","position":2,"name":"F\u00eate des M\u00e8res : besoin d&rsquo;inspiration ?"}]},{"@type":"Article","@id":"https:\/\/www.walleriana.com\/mag\/fete-des-meres-kit-de-voyage\/#article","isPartOf":{"@id":"https:\/\/www.walleriana.com\/mag\/fete-des-meres-kit-de-voyage\/#webpage"},"author":{"name":"Juliette - Walleriana","@id":"https:\/\/www.walleriana.com\/mag\/#\/schema\/person\/5baeac92243646b67742f8d3441398d9"},"headline":"F\u00eate des M\u00e8res : besoin d&rsquo;inspiration ?","datePublished":"2016-05-25T13:01:27+00:00","dateModified":"2016-05-25T13:07:18+00:00","mainEntityOfPage":{"@id":"https:\/\/www.walleriana.com\/mag\/fete-des-meres-kit-de-voyage\/#webpage"},"wordCount":368,"commentCount":0,"publisher":{"@id":"https:\/\/www.walleriana.com\/mag\/#organization"},"image":{"@id":"https:\/\/www.walleriana.com\/mag\/fete-des-meres-kit-de-voyage\/#primaryimage"},"thumbnailUrl":"https:\/\/www.walleriana.com\/mag\/wp-content\/uploads\/2016\/05\/220316_91-FB.jpg","keywords":["chaussettes \u00e0 compression douce","chaussettes bien-\u00eatre","chaussettes bien-\u00eatre walleriana","chaussettes d'avion","chaussettes de contention","chaussettes de contention jolies","chaussettes de support","chaussettes de voyage","chaussettes hautes \u00e0 compression douce","f\u00eate des m\u00e8res","id\u00e9es cadeaux","id\u00e9es cadeaux pour la F\u00eate des M\u00e8res","Kit de Voyage","travel","travel kit","voyage"],"articleSection":["En ce moment..."],"inLanguage":"fr-FR","potentialAction":[{"@type":"CommentAction","name":"Comment","target":["https:\/\/www.walleriana.com\/mag\/fete-des-meres-kit-de-voyage\/#respond"]}]},{"@type":"Person","@id":"https:\/\/www.walleriana.com\/mag\/#\/schema\/person\/5baeac92243646b67742f8d3441398d9","name":"Juliette - Walleriana","image":{"@type":"ImageObject","inLanguage":"fr-FR","@id":"https:\/\/www.walleriana.com\/mag\/#\/schema\/person\/image\/","url":"https:\/\/secure.gravatar.com\/avatar\/ce9c5a3e6e33bfab4a2e0f4a7c40f9e7?s=96&d=mm&r=g","contentUrl":"https:\/\/secure.gravatar.com\/avatar\/ce9c5a3e6e33bfab4a2e0f4a7c40f9e7?s=96&d=mm&r=g","caption":"Juliette - Walleriana"},"sameAs":["https:\/\/walleriana.com","https:\/\/www.facebook.com\/WallerianaTheShop\/","https:\/\/twitter.com\/WallerianaParis"],"url":"https:\/\/www.walleriana.com\/mag\/author\/juliettewalleriana-com\/"}]}},"_links":{"self":[{"href":"https:\/\/www.walleriana.com\/mag\/wp-json\/wp\/v2\/posts\/2662"}],"collection":[{"href":"https:\/\/www.walleriana.com\/mag\/wp-json\/wp\/v2\/posts"}],"about":[{"href":"https:\/\/www.walleriana.com\/mag\/wp-json\/wp\/v2\/types\/post"}],"author":[{"embeddable":true,"href":"https:\/\/www.walleriana.com\/mag\/wp-json\/wp\/v2\/users\/1"}],"replies":[{"embeddable":true,"href":"https:\/\/www.walleriana.com\/mag\/wp-json\/wp\/v2\/comments?post=2662"}],"version-history":[{"count":18,"href":"https:\/\/www.walleriana.com\/mag\/wp-json\/wp\/v2\/posts\/2662\/revisions"}],"predecessor-version":[{"id":2751,"href":"https:\/\/www.walleriana.com\/mag\/wp-json\/wp\/v2\/posts\/2662\/revisions\/2751"}],"wp:featuredmedia":[{"embeddable":true,"href":"https:\/\/www.walleriana.com\/mag\/wp-json\/wp\/v2\/media\/2724"}],"wp:attachment":[{"href":"https:\/\/www.walleriana.com\/mag\/wp-json\/wp\/v2\/media?parent=2662"}],"wp:term":[{"taxonomy":"category","embeddable":true,"href":"https:\/\/www.walleriana.com\/mag\/wp-json\/wp\/v2\/categories?post=2662"},{"taxonomy":"post_tag","embeddable":true,"href":"https:\/\/www.walleriana.com\/mag\/wp-json\/wp\/v2\/tags?post=2662"}],"curies":[{"name":"wp","href":"https:\/\/api.w.org\/{rel}","templated":true}]}}