{"id":323,"date":"2015-03-03T17:30:18","date_gmt":"2015-03-03T16:30:18","guid":{"rendered":"http:\/\/blog.walleriana.com\/?p=323"},"modified":"2019-07-18T20:39:13","modified_gmt":"2019-07-18T19:39:13","slug":"comment-enfiler-des-collants-de-contention","status":"publish","type":"post","link":"https:\/\/www.walleriana.com\/mag\/comment-enfiler-des-collants-de-contention\/","title":{"rendered":"Collants de contention : comment les enfiler ?"},"content":{"rendered":"<h2 class=\"p1\" style=\"text-align: justify;\">Le conseil du jour : comment enfiler des collants de contention ?<\/h2>\n<p class=\"p1\" style=\"text-align: justify;\"><span class=\"s1\">Les collants de contention ne s\u2019enfilent pas comme un pantalon ni m\u00eame comme des collants basiques\u00a0! Enfiler des collants de contention est une v\u00e9ritable technique qui peut s\u2019av\u00e9rer tr\u00e8s sournoise lorsqu\u2019il fait chaud\u2026 Pas de panique, on vous aide \u00e0 trouver LA technique la plus ad\u00e9quate !<\/span><\/p>\n<p class=\"p1\" style=\"text-align: justify;\"><span class=\"s1\"> La premi\u00e8re fois, mieux vaut ne pas \u00eatre trop press\u00e9e, et s&rsquo;installer confortablement sur son lit. Pour une petite compression (classe 1), les difficult\u00e9s restent moindres. Mais mieux vaut \u00eatre avertie\u00a0!<\/span><\/p>\n<p class=\"p1\" style=\"text-align: justify;\"><span class=\"s1\">Le joli sch\u00e9ma ci-dessus, r\u00e9alis\u00e9 par <a title=\"Mademoiselle Alix - Blog\" href=\"https:\/\/mademoisellealix.com\/\" target=\"_blank\">Mademoiselle Alix<\/a>, est l\u00e0 pour vous aider.<\/span><\/p>\n<h2 class=\"p1\" style=\"text-align: justify;\">On enfile les collants de contention sur l&rsquo;envers (1)<\/h2>\n<p class=\"p1\" style=\"text-align: justify;\"><span class=\"s1\">Pour enfiler des\u00a0collants de contention sans risquer de les ab\u00eemer, il faut commencer par retourner le collant sur l\u2019envers.\u00a0<\/span><span class=\"s1\">Il est en effet plus ais\u00e9 d\u2019enfiler le collant de cette mani\u00e8re, en commen\u00e7ant par le bout des orteils, puis en le retournant\u00a0<\/span><span class=\"s2\">progressivement<\/span><span class=\"s1\">\u00a0sur l\u2019endroit, jusqu\u2019\u00e0 faire passer le talon.<\/span><\/p>\n<p class=\"p1\" style=\"text-align: justify;\"><span class=\"s1\">Surtout, enfilez bien\u00a0un pied apr\u00e8s l\u2019autre : promis, cette \u00e9tape est la plus douloureuse mais une fois pass\u00e9e, \u00e7a glisse tout seul\u00a0!<\/span><\/p>\n<h2 class=\"p1\" style=\"text-align: justify;\">On ne tire pas sur les collants (2)<\/h2>\n<p class=\"p3\" style=\"text-align: justify;\"><span class=\"s1\">Lorsque le talon est bien en place, on remonte petit \u00e0 petit, sans tirer violemment, jusqu\u2019aux genoux. Bien que les collants de contention soient plus solides que la plupart des collants basiques, le fait de tirer sur les collants risque d&rsquo;ab\u00eemer la maille, voire de la d\u00e9former. Leur efficacit\u00e9 pourrait en \u00eatre alt\u00e9r\u00e9e, il faut donc en prendre bien soin.<\/span><\/p>\n<h2 class=\"p3\" style=\"text-align: justify;\">Plier les genoux pour faire passer les collants de contention (3)<\/h2>\n<p class=\"p3\" style=\"text-align: justify;\"><span class=\"s1\">Le plus simple est de faire passer\u00a0un premier genou en le pliant (afin d\u2019\u00e9viter que celui-ci ne soit pris dans les mailles du collant, ce qui n\u2019est pas tr\u00e8s agr\u00e9able lorsque l\u2019on marche), puis le deuxi\u00e8me. Pour cette \u00e9tape, il est plus facile de se mettre debout et de prendre le collant \u00e0 pleine main, en faisant attention de ne pas tirer sur les collants.<\/span><\/p>\n<h2 class=\"p3\" style=\"text-align: justify;\">Derni\u00e8re \u00e9tape : on fait passer notre fessier ! (4)<\/h2>\n<p class=\"p3\" style=\"text-align: justify;\"><span class=\"s1\">On continue ensuite, toujours progressivement, en remontant vers les hanches. Attention, ce passage peut \u00eatre une \u00e9preuve pour les collants, car c\u2019est l\u00e0 qu\u2019ils sont le plus fragiles\u00a0! Qui n\u2019a pas connu le d\u00e9sespoir d\u2019un index passant au travers d\u2019un collant de bon matin\u00a0? On prend donc son temps, en ayant \u00e0 l\u2019esprit de garder le collant bien en main, sans tirer comme une brute dessus et en \u00e9vitant d\u2019y accrocher ses ongles.<\/span><\/p>\n<p class=\"p3\" style=\"text-align: justify;\"><span class=\"s1\"> Et voil\u00e0\u00a0! Le fessier pass\u00e9, l\u2019\u00e9preuve est termin\u00e9e et n\u2019aura dur\u00e9 qu\u2019une minute au lieu des vingt secondes habituelles pour un collant basique. Mais on ne s\u2019en formalise pas\u00a0: c\u2019est pour notre bien\u00a0!<\/span><\/p>\n<p class=\"p3\" style=\"text-align: justify;\">On v\u00e9rifie que les collants sont correctement plac\u00e9s afin de ne pas se sentir g\u00ean\u00e9e ou entrav\u00e9e dans ses mouvements. Les deux larges bandes au niveau des fesses doivent se trouver juste sous la pliure, donnant ainsi l&rsquo;impression que les fesses sont maintenues vers le haut par deux mains ! Oui oui, vous verrez, c&rsquo;est tr\u00e8s agr\u00e9able !<\/p>\n<figure id=\"attachment_463\" aria-describedby=\"caption-attachment-463\" style=\"width: 1024px\" class=\"wp-caption aligncenter\"><a href=\"https:\/\/mag.walleriana.com\/wp-content\/uploads\/2014\/12\/d\u00e9tail-fesse.jpg\"><img loading=\"lazy\" class=\"wp-image-463 size-large\" src=\"https:\/\/mag.walleriana.com\/wp-content\/uploads\/2014\/12\/d\u00e9tail-fesse-1024x1024.jpg\" alt=\"Comment enfiler des collants de contention\" width=\"1024\" height=\"1024\" srcset=\"https:\/\/www.walleriana.com\/mag\/wp-content\/uploads\/2014\/12\/d\u00e9tail-fesse-1024x1024.jpg 1024w, https:\/\/www.walleriana.com\/mag\/wp-content\/uploads\/2014\/12\/d\u00e9tail-fesse-150x150.jpg 150w, https:\/\/www.walleriana.com\/mag\/wp-content\/uploads\/2014\/12\/d\u00e9tail-fesse-300x300.jpg 300w, https:\/\/www.walleriana.com\/mag\/wp-content\/uploads\/2014\/12\/d\u00e9tail-fesse-1000x999.jpg 1000w, https:\/\/www.walleriana.com\/mag\/wp-content\/uploads\/2014\/12\/d\u00e9tail-fesse-1400x1399.jpg 1400w, https:\/\/www.walleriana.com\/mag\/wp-content\/uploads\/2014\/12\/d\u00e9tail-fesse-415x414.jpg 415w, https:\/\/www.walleriana.com\/mag\/wp-content\/uploads\/2014\/12\/d\u00e9tail-fesse-1080x1080.jpg 1080w, https:\/\/www.walleriana.com\/mag\/wp-content\/uploads\/2014\/12\/d\u00e9tail-fesse-800x800.jpg 800w, https:\/\/www.walleriana.com\/mag\/wp-content\/uploads\/2014\/12\/d\u00e9tail-fesse-160x159.jpg 160w, https:\/\/www.walleriana.com\/mag\/wp-content\/uploads\/2014\/12\/d\u00e9tail-fesse.jpg 1812w\" sizes=\"(max-width: 1024px) 100vw, 1024px\" \/><\/a><figcaption id=\"caption-attachment-463\" class=\"wp-caption-text\">Les larges bandes se situent juste sous la pliure des fesses, permettant de les maintenir vers le haut<\/figcaption><\/figure>\n<h2 class=\"p1\" style=\"text-align: justify;\">Ongles versus collants de contention<\/h2>\n<p class=\"p1\" style=\"text-align: justify;\"><span class=\"s2\">Les collants de contention sont tr\u00e8s r\u00e9sistants. Leur maille et leur \u00e9paisseur assurent une long\u00e9vit\u00e9 importante, gage de leur qualit\u00e9. N\u00e9anmoins, il est important de faire attention aux ongles trop longs<\/span><span class=\"s1\"> qui peuvent faire des trous dans les collants de contention, principalement au niveau des hanches, lorsque l\u2019on saisit le collant \u00e0 pleine main pour bien le remonter\u00a0! Ce genre d\u2019incident est tr\u00e8s courant, et il n\u2019y a rien de plus frustrant que de casser son collant tout neuf d\u00e8s le matin\u2026<\/span><\/p>\n<h2 class=\"p1\" style=\"text-align: justify;\">Need Help !<\/h2>\n<p class=\"p1\" style=\"text-align: justify;\">A votre tour maintenant ! N&rsquo;h\u00e9sitez pas \u00e0 faire part de vos remarques, ou \u00e0 demander plus de conseils si vous vous demandez toujours comment enfiler des collants de contention, c&rsquo;est avec joie que je\u00a0vous r\u00e9pondrai.<\/p>\n<p class=\"p1\" style=\"text-align: justify;\">Trouvez\u00a0les collants adapt\u00e9s \u00e0 votre morphologie sur la boutique en ligne <a title=\"boutique en ligne walleriana\" href=\"https:\/\/walleriana.com\" target=\"_blank\">Walleriana<\/a>.<\/p>\n<p class=\"p1\" style=\"text-align: justify;\">Choisissez votre taille et prenez correctement vos mesures en suivant le lien <a title=\"comment prendre ses mesures\" href=\"https:\/\/mag.walleriana.com\/2014\/12\/21\/bien-prendre-ses-mesures\/\" target=\"_blank\">par ici<\/a>.<\/p>\n<h2 class=\"p1\" style=\"text-align: justify;\">Pour en savoir plus sur l&rsquo;univers de Walleriana<\/h2>\n<p class=\"p1\" style=\"text-align: justify;\">&#8211; <a title=\"Les collants de confort Walleriana\" href=\"https:\/\/mag.walleriana.com\/2015\/01\/01\/les-collants-de-confort-walleriana\/\" target=\"_blank\">Les collants bien-\u00eatre Walleriana : pourquoi en porter et comment \u00e7a marche ?<\/a><\/p>\n<p class=\"p1\" style=\"text-align: justify;\">&#8211; <a title=\"Bien prendre ses mesures\" href=\"https:\/\/mag.walleriana.com\/2014\/12\/21\/bien-prendre-ses-mesures\/\" target=\"_blank\">Pourquoi et comment bien prendre ses mesures avant d&rsquo;acheter des collants de contention ?<\/a><\/p>\n<p class=\"p1\" style=\"text-align: justify;\">&#8211; <a title=\"Ils en parlent\" href=\"https:\/\/mag.walleriana.com\/category\/ils-en-parlent\/\" target=\"_blank\">Ils en parlent !<\/a><\/p>\n<h2 class=\"p1\" style=\"text-align: justify;\">Cr\u00e9dits<\/h2>\n<p class=\"p1\" style=\"text-align: justify;\">Pour\u00a0retrouver l&rsquo;univers d&rsquo;Alix et ses jolis petits dessins, rendez-vous sur sa page Facebook :\u00a0<a title=\"Page facebook Mademoiselle Alix\" href=\"https:\/\/www.facebook.com\/mademoisellealix?fref=ts\" target=\"_blank\">mademoiselle Alix<\/a><\/p>\n<p class=\"p1\" style=\"text-align: justify;\">Photos Yoann Jean-Charles pour Walleriana.<\/p>\n<p class=\"p1\" style=\"text-align: justify;\">Tous droits r\u00e9serv\u00e9s.<\/p>\n","protected":false},"excerpt":{"rendered":"<p>Le conseil du jour : comment enfiler des collants de contention ? Les collants de contention ne s\u2019enfilent pas comme&#8230;<\/p>\n","protected":false},"author":1,"featured_media":324,"comment_status":"open","ping_status":"open","sticky":false,"template":"","format":"standard","meta":{"rop_custom_images_group":[],"rop_custom_messages_group":[],"rop_publish_now":"initial","rop_publish_now_accounts":[],"rop_publish_now_history":[],"rop_publish_now_status":"pending"},"categories":[42],"tags":[56,57,34,133,134,27,46,135,75,132,66,55,74,4,58],"yoast_head":"<!-- This site is optimized with the Yoast SEO Premium plugin v18.6 (Yoast SEO v19.2) - https:\/\/yoast.com\/wordpress\/plugins\/seo\/ -->\n<title>Comment enfiler des collants de contention ? La technique by Walleriana<\/title>\n<meta name=\"description\" content=\"Enfiler des collants de contention est une v\u00e9ritable technique. Ca ne s&#039;enfile pas comme un pantalon ou un collant basique !\" \/>\n<meta name=\"robots\" content=\"index, follow, max-snippet:-1, max-image-preview:large, max-video-preview:-1\" \/>\n<link rel=\"canonical\" href=\"https:\/\/www.walleriana.com\/mag\/comment-enfiler-des-collants-de-contention\/\" \/>\n<meta property=\"og:locale\" content=\"fr_FR\" \/>\n<meta property=\"og:type\" content=\"article\" \/>\n<meta property=\"og:title\" content=\"Collants de contention : comment les enfiler ?\" \/>\n<meta property=\"og:description\" content=\"Le conseil du jour : comment enfiler des collants de contention ? Les collants de contention ne s\u2019enfilent pas comme un pantalon ni m\u00eame comme des\" \/>\n<meta property=\"og:url\" content=\"https:\/\/www.walleriana.com\/mag\/comment-enfiler-des-collants-de-contention\/\" \/>\n<meta property=\"og:site_name\" content=\"Libella - Le Mag\" \/>\n<meta property=\"article:author\" content=\"https:\/\/www.facebook.com\/WallerianaTheShop\/\" \/>\n<meta property=\"article:published_time\" content=\"2015-03-03T16:30:18+00:00\" \/>\n<meta property=\"article:modified_time\" content=\"2019-07-18T19:39:13+00:00\" \/>\n<meta property=\"og:image\" content=\"https:\/\/www.walleriana.com\/mag\/wp-content\/uploads\/2014\/12\/COMMENT-ENFILER-LES-COLLANTS.jpg\" \/>\n\t<meta property=\"og:image:width\" content=\"5004\" \/>\n\t<meta property=\"og:image:height\" content=\"2797\" \/>\n\t<meta property=\"og:image:type\" content=\"image\/jpeg\" \/>\n<meta name=\"author\" content=\"Juliette - Walleriana\" \/>\n<meta name=\"twitter:label1\" content=\"\u00c9crit par\" \/>\n\t<meta name=\"twitter:data1\" content=\"Juliette - Walleriana\" \/>\n\t<meta name=\"twitter:label2\" content=\"Dur\u00e9e de lecture estim\u00e9e\" \/>\n\t<meta name=\"twitter:data2\" content=\"4 minutes\" \/>\n<script type=\"application\/ld+json\" class=\"yoast-schema-graph\">{\"@context\":\"https:\/\/schema.org\",\"@graph\":[{\"@type\":\"Organization\",\"@id\":\"https:\/\/www.walleriana.com\/mag\/#organization\",\"name\":\"Walleriana\",\"url\":\"https:\/\/www.walleriana.com\/mag\/\",\"sameAs\":[],\"logo\":{\"@type\":\"ImageObject\",\"inLanguage\":\"fr-FR\",\"@id\":\"https:\/\/www.walleriana.com\/mag\/#\/schema\/logo\/image\/\",\"url\":\"https:\/\/walleriana.com\/mag\/wp-content\/uploads\/2021\/05\/Favicon-Walleriana.jpg\",\"contentUrl\":\"https:\/\/walleriana.com\/mag\/wp-content\/uploads\/2021\/05\/Favicon-Walleriana.jpg\",\"width\":496,\"height\":317,\"caption\":\"Walleriana\"},\"image\":{\"@id\":\"https:\/\/www.walleriana.com\/mag\/#\/schema\/logo\/image\/\"}},{\"@type\":\"WebSite\",\"@id\":\"https:\/\/www.walleriana.com\/mag\/#website\",\"url\":\"https:\/\/www.walleriana.com\/mag\/\",\"name\":\"Libella - Le Mag\",\"description\":\"Le Mag bien-\u00eatre &amp; style des jambes l\u00e9g\u00e8res\",\"publisher\":{\"@id\":\"https:\/\/www.walleriana.com\/mag\/#organization\"},\"potentialAction\":[{\"@type\":\"SearchAction\",\"target\":{\"@type\":\"EntryPoint\",\"urlTemplate\":\"https:\/\/www.walleriana.com\/mag\/?s={search_term_string}\"},\"query-input\":\"required name=search_term_string\"}],\"inLanguage\":\"fr-FR\"},{\"@type\":\"ImageObject\",\"inLanguage\":\"fr-FR\",\"@id\":\"https:\/\/www.walleriana.com\/mag\/comment-enfiler-des-collants-de-contention\/#primaryimage\",\"url\":\"https:\/\/www.walleriana.com\/mag\/wp-content\/uploads\/2014\/12\/COMMENT-ENFILER-LES-COLLANTS.jpg\",\"contentUrl\":\"https:\/\/www.walleriana.com\/mag\/wp-content\/uploads\/2014\/12\/COMMENT-ENFILER-LES-COLLANTS.jpg\",\"width\":5004,\"height\":2797,\"caption\":\"Etapes pour enfiler un collant de confort en tout s\u00e9r\u00e9nit\u00e9\"},{\"@type\":\"WebPage\",\"@id\":\"https:\/\/www.walleriana.com\/mag\/comment-enfiler-des-collants-de-contention\/#webpage\",\"url\":\"https:\/\/www.walleriana.com\/mag\/comment-enfiler-des-collants-de-contention\/\",\"name\":\"Comment enfiler des collants de contention ? La technique by Walleriana\",\"isPartOf\":{\"@id\":\"https:\/\/www.walleriana.com\/mag\/#website\"},\"primaryImageOfPage\":{\"@id\":\"https:\/\/www.walleriana.com\/mag\/comment-enfiler-des-collants-de-contention\/#primaryimage\"},\"datePublished\":\"2015-03-03T16:30:18+00:00\",\"dateModified\":\"2019-07-18T19:39:13+00:00\",\"description\":\"Enfiler des collants de contention est une v\u00e9ritable technique. Ca ne s'enfile pas comme un pantalon ou un collant basique !\",\"breadcrumb\":{\"@id\":\"https:\/\/www.walleriana.com\/mag\/comment-enfiler-des-collants-de-contention\/#breadcrumb\"},\"inLanguage\":\"fr-FR\",\"potentialAction\":[{\"@type\":\"ReadAction\",\"target\":[\"https:\/\/www.walleriana.com\/mag\/comment-enfiler-des-collants-de-contention\/\"]}]},{\"@type\":\"BreadcrumbList\",\"@id\":\"https:\/\/www.walleriana.com\/mag\/comment-enfiler-des-collants-de-contention\/#breadcrumb\",\"itemListElement\":[{\"@type\":\"ListItem\",\"position\":1,\"name\":\"Le mag walleriana\",\"item\":\"https:\/\/www.walleriana.com\/mag\/\"},{\"@type\":\"ListItem\",\"position\":2,\"name\":\"Collants de contention : comment les enfiler ?\"}]},{\"@type\":\"Article\",\"@id\":\"https:\/\/www.walleriana.com\/mag\/comment-enfiler-des-collants-de-contention\/#article\",\"isPartOf\":{\"@id\":\"https:\/\/www.walleriana.com\/mag\/comment-enfiler-des-collants-de-contention\/#webpage\"},\"author\":{\"name\":\"Juliette - Walleriana\",\"@id\":\"https:\/\/www.walleriana.com\/mag\/#\/schema\/person\/5baeac92243646b67742f8d3441398d9\"},\"headline\":\"Collants de contention : comment les enfiler ?\",\"datePublished\":\"2015-03-03T16:30:18+00:00\",\"dateModified\":\"2019-07-18T19:39:13+00:00\",\"mainEntityOfPage\":{\"@id\":\"https:\/\/www.walleriana.com\/mag\/comment-enfiler-des-collants-de-contention\/#webpage\"},\"wordCount\":801,\"commentCount\":1,\"publisher\":{\"@id\":\"https:\/\/www.walleriana.com\/mag\/#organization\"},\"image\":{\"@id\":\"https:\/\/www.walleriana.com\/mag\/comment-enfiler-des-collants-de-contention\/#primaryimage\"},\"thumbnailUrl\":\"https:\/\/www.walleriana.com\/mag\/wp-content\/uploads\/2014\/12\/COMMENT-ENFILER-LES-COLLANTS.jpg\",\"keywords\":[\"collant de compression\",\"collant de contention\",\"collants\",\"collants \u00e0 compression douce\",\"collants \u00e0 mini-compression\",\"collants de confort\",\"collants de contention jolis\",\"collants galbants\",\"collants plumetis\",\"compression douce\",\"conseils jambes lourdes\",\"enfiler des collants de confort\",\"enfiler des collants de contention\",\"jambes lourdes\",\"jolis collants de contention\"],\"articleSection\":[\"L'univers Walleriana\"],\"inLanguage\":\"fr-FR\",\"potentialAction\":[{\"@type\":\"CommentAction\",\"name\":\"Comment\",\"target\":[\"https:\/\/www.walleriana.com\/mag\/comment-enfiler-des-collants-de-contention\/#respond\"]}]},{\"@type\":\"Person\",\"@id\":\"https:\/\/www.walleriana.com\/mag\/#\/schema\/person\/5baeac92243646b67742f8d3441398d9\",\"name\":\"Juliette - Walleriana\",\"image\":{\"@type\":\"ImageObject\",\"inLanguage\":\"fr-FR\",\"@id\":\"https:\/\/www.walleriana.com\/mag\/#\/schema\/person\/image\/\",\"url\":\"https:\/\/secure.gravatar.com\/avatar\/ce9c5a3e6e33bfab4a2e0f4a7c40f9e7?s=96&d=mm&r=g\",\"contentUrl\":\"https:\/\/secure.gravatar.com\/avatar\/ce9c5a3e6e33bfab4a2e0f4a7c40f9e7?s=96&d=mm&r=g\",\"caption\":\"Juliette - Walleriana\"},\"sameAs\":[\"https:\/\/walleriana.com\",\"https:\/\/www.facebook.com\/WallerianaTheShop\/\",\"https:\/\/twitter.com\/WallerianaParis\"],\"url\":\"https:\/\/www.walleriana.com\/mag\/author\/juliettewalleriana-com\/\"}]}<\/script>\n<!-- \/ Yoast SEO Premium plugin. -->","yoast_head_json":{"title":"Comment enfiler des collants de contention ? La technique by Walleriana","description":"Enfiler des collants de contention est une v\u00e9ritable technique. Ca ne s'enfile pas comme un pantalon ou un collant basique !","robots":{"index":"index","follow":"follow","max-snippet":"max-snippet:-1","max-image-preview":"max-image-preview:large","max-video-preview":"max-video-preview:-1"},"canonical":"https:\/\/www.walleriana.com\/mag\/comment-enfiler-des-collants-de-contention\/","og_locale":"fr_FR","og_type":"article","og_title":"Collants de contention : comment les enfiler ?","og_description":"Le conseil du jour : comment enfiler des collants de contention ? Les collants de contention ne s\u2019enfilent pas comme un pantalon ni m\u00eame comme des","og_url":"https:\/\/www.walleriana.com\/mag\/comment-enfiler-des-collants-de-contention\/","og_site_name":"Libella - Le Mag","article_author":"https:\/\/www.facebook.com\/WallerianaTheShop\/","article_published_time":"2015-03-03T16:30:18+00:00","article_modified_time":"2019-07-18T19:39:13+00:00","og_image":[{"width":5004,"height":2797,"url":"https:\/\/www.walleriana.com\/mag\/wp-content\/uploads\/2014\/12\/COMMENT-ENFILER-LES-COLLANTS.jpg","type":"image\/jpeg"}],"author":"Juliette - Walleriana","twitter_misc":{"\u00c9crit par":"Juliette - Walleriana","Dur\u00e9e de lecture estim\u00e9e":"4 minutes"},"schema":{"@context":"https:\/\/schema.org","@graph":[{"@type":"Organization","@id":"https:\/\/www.walleriana.com\/mag\/#organization","name":"Walleriana","url":"https:\/\/www.walleriana.com\/mag\/","sameAs":[],"logo":{"@type":"ImageObject","inLanguage":"fr-FR","@id":"https:\/\/www.walleriana.com\/mag\/#\/schema\/logo\/image\/","url":"https:\/\/walleriana.com\/mag\/wp-content\/uploads\/2021\/05\/Favicon-Walleriana.jpg","contentUrl":"https:\/\/walleriana.com\/mag\/wp-content\/uploads\/2021\/05\/Favicon-Walleriana.jpg","width":496,"height":317,"caption":"Walleriana"},"image":{"@id":"https:\/\/www.walleriana.com\/mag\/#\/schema\/logo\/image\/"}},{"@type":"WebSite","@id":"https:\/\/www.walleriana.com\/mag\/#website","url":"https:\/\/www.walleriana.com\/mag\/","name":"Libella - Le Mag","description":"Le Mag bien-\u00eatre &amp; style des jambes l\u00e9g\u00e8res","publisher":{"@id":"https:\/\/www.walleriana.com\/mag\/#organization"},"potentialAction":[{"@type":"SearchAction","target":{"@type":"EntryPoint","urlTemplate":"https:\/\/www.walleriana.com\/mag\/?s={search_term_string}"},"query-input":"required name=search_term_string"}],"inLanguage":"fr-FR"},{"@type":"ImageObject","inLanguage":"fr-FR","@id":"https:\/\/www.walleriana.com\/mag\/comment-enfiler-des-collants-de-contention\/#primaryimage","url":"https:\/\/www.walleriana.com\/mag\/wp-content\/uploads\/2014\/12\/COMMENT-ENFILER-LES-COLLANTS.jpg","contentUrl":"https:\/\/www.walleriana.com\/mag\/wp-content\/uploads\/2014\/12\/COMMENT-ENFILER-LES-COLLANTS.jpg","width":5004,"height":2797,"caption":"Etapes pour enfiler un collant de confort en tout s\u00e9r\u00e9nit\u00e9"},{"@type":"WebPage","@id":"https:\/\/www.walleriana.com\/mag\/comment-enfiler-des-collants-de-contention\/#webpage","url":"https:\/\/www.walleriana.com\/mag\/comment-enfiler-des-collants-de-contention\/","name":"Comment enfiler des collants de contention ? La technique by Walleriana","isPartOf":{"@id":"https:\/\/www.walleriana.com\/mag\/#website"},"primaryImageOfPage":{"@id":"https:\/\/www.walleriana.com\/mag\/comment-enfiler-des-collants-de-contention\/#primaryimage"},"datePublished":"2015-03-03T16:30:18+00:00","dateModified":"2019-07-18T19:39:13+00:00","description":"Enfiler des collants de contention est une v\u00e9ritable technique. Ca ne s'enfile pas comme un pantalon ou un collant basique !","breadcrumb":{"@id":"https:\/\/www.walleriana.com\/mag\/comment-enfiler-des-collants-de-contention\/#breadcrumb"},"inLanguage":"fr-FR","potentialAction":[{"@type":"ReadAction","target":["https:\/\/www.walleriana.com\/mag\/comment-enfiler-des-collants-de-contention\/"]}]},{"@type":"BreadcrumbList","@id":"https:\/\/www.walleriana.com\/mag\/comment-enfiler-des-collants-de-contention\/#breadcrumb","itemListElement":[{"@type":"ListItem","position":1,"name":"Le mag walleriana","item":"https:\/\/www.walleriana.com\/mag\/"},{"@type":"ListItem","position":2,"name":"Collants de contention : comment les enfiler ?"}]},{"@type":"Article","@id":"https:\/\/www.walleriana.com\/mag\/comment-enfiler-des-collants-de-contention\/#article","isPartOf":{"@id":"https:\/\/www.walleriana.com\/mag\/comment-enfiler-des-collants-de-contention\/#webpage"},"author":{"name":"Juliette - Walleriana","@id":"https:\/\/www.walleriana.com\/mag\/#\/schema\/person\/5baeac92243646b67742f8d3441398d9"},"headline":"Collants de contention : comment les enfiler ?","datePublished":"2015-03-03T16:30:18+00:00","dateModified":"2019-07-18T19:39:13+00:00","mainEntityOfPage":{"@id":"https:\/\/www.walleriana.com\/mag\/comment-enfiler-des-collants-de-contention\/#webpage"},"wordCount":801,"commentCount":1,"publisher":{"@id":"https:\/\/www.walleriana.com\/mag\/#organization"},"image":{"@id":"https:\/\/www.walleriana.com\/mag\/comment-enfiler-des-collants-de-contention\/#primaryimage"},"thumbnailUrl":"https:\/\/www.walleriana.com\/mag\/wp-content\/uploads\/2014\/12\/COMMENT-ENFILER-LES-COLLANTS.jpg","keywords":["collant de compression","collant de contention","collants","collants \u00e0 compression douce","collants \u00e0 mini-compression","collants de confort","collants de contention jolis","collants galbants","collants plumetis","compression douce","conseils jambes lourdes","enfiler des collants de confort","enfiler des collants de contention","jambes lourdes","jolis collants de contention"],"articleSection":["L'univers Walleriana"],"inLanguage":"fr-FR","potentialAction":[{"@type":"CommentAction","name":"Comment","target":["https:\/\/www.walleriana.com\/mag\/comment-enfiler-des-collants-de-contention\/#respond"]}]},{"@type":"Person","@id":"https:\/\/www.walleriana.com\/mag\/#\/schema\/person\/5baeac92243646b67742f8d3441398d9","name":"Juliette - Walleriana","image":{"@type":"ImageObject","inLanguage":"fr-FR","@id":"https:\/\/www.walleriana.com\/mag\/#\/schema\/person\/image\/","url":"https:\/\/secure.gravatar.com\/avatar\/ce9c5a3e6e33bfab4a2e0f4a7c40f9e7?s=96&d=mm&r=g","contentUrl":"https:\/\/secure.gravatar.com\/avatar\/ce9c5a3e6e33bfab4a2e0f4a7c40f9e7?s=96&d=mm&r=g","caption":"Juliette - Walleriana"},"sameAs":["https:\/\/walleriana.com","https:\/\/www.facebook.com\/WallerianaTheShop\/","https:\/\/twitter.com\/WallerianaParis"],"url":"https:\/\/www.walleriana.com\/mag\/author\/juliettewalleriana-com\/"}]}},"_links":{"self":[{"href":"https:\/\/www.walleriana.com\/mag\/wp-json\/wp\/v2\/posts\/323"}],"collection":[{"href":"https:\/\/www.walleriana.com\/mag\/wp-json\/wp\/v2\/posts"}],"about":[{"href":"https:\/\/www.walleriana.com\/mag\/wp-json\/wp\/v2\/types\/post"}],"author":[{"embeddable":true,"href":"https:\/\/www.walleriana.com\/mag\/wp-json\/wp\/v2\/users\/1"}],"replies":[{"embeddable":true,"href":"https:\/\/www.walleriana.com\/mag\/wp-json\/wp\/v2\/comments?post=323"}],"version-history":[{"count":19,"href":"https:\/\/www.walleriana.com\/mag\/wp-json\/wp\/v2\/posts\/323\/revisions"}],"predecessor-version":[{"id":3644,"href":"https:\/\/www.walleriana.com\/mag\/wp-json\/wp\/v2\/posts\/323\/revisions\/3644"}],"wp:featuredmedia":[{"embeddable":true,"href":"https:\/\/www.walleriana.com\/mag\/wp-json\/wp\/v2\/media\/324"}],"wp:attachment":[{"href":"https:\/\/www.walleriana.com\/mag\/wp-json\/wp\/v2\/media?parent=323"}],"wp:term":[{"taxonomy":"category","embeddable":true,"href":"https:\/\/www.walleriana.com\/mag\/wp-json\/wp\/v2\/categories?post=323"},{"taxonomy":"post_tag","embeddable":true,"href":"https:\/\/www.walleriana.com\/mag\/wp-json\/wp\/v2\/tags?post=323"}],"curies":[{"name":"wp","href":"https:\/\/api.w.org\/{rel}","templated":true}]}}