{"id":561,"date":"2015-02-09T19:50:50","date_gmt":"2015-02-09T18:50:50","guid":{"rendered":"http:\/\/blog.walleriana.com\/?p=561"},"modified":"2019-07-18T19:55:01","modified_gmt":"2019-07-18T18:55:01","slug":"en-fevrier-un-look-saint-valentin","status":"publish","type":"post","link":"https:\/\/www.walleriana.com\/mag\/en-fevrier-un-look-saint-valentin\/","title":{"rendered":"En F\u00e9vrier, un look Saint Valentin"},"content":{"rendered":"<h2 style=\"text-align: justify;\">Inspiration\u00a0: en\u00a0F\u00e9vrier un look\u00a0Saint Valentin<\/h2>\n<p style=\"text-align: justify;\">En manque d&rsquo;inspiration ? Des difficult\u00e9s pour trouver un look Saint Valentin appropri\u00e9 ? Ca tombe bien, on a tout ce qu&rsquo;il faut ! Qu&rsquo;on soit plut\u00f4t soir\u00e9e tranquille en amoureux ou restaurant \u00e0 deux, on peut se faire plaisir avec une jolie tenue classique et habill\u00e9e. Voici le petit look Saint Valentin du mois de F\u00e9vrier,\u00a0pour s&rsquo;inspirer librement, agr\u00e9ment\u00e9 de quelques photos de mon univers.<\/p>\n<figure id=\"attachment_570\" aria-describedby=\"caption-attachment-570\" style=\"width: 1024px\" class=\"wp-caption aligncenter\"><img loading=\"lazy\" class=\"wp-image-570 size-large\" src=\"https:\/\/mag.walleriana.com\/wp-content\/uploads\/2015\/02\/DSC_0864m-1024x1024.jpg\" alt=\"Le look Saint Valentin\" width=\"1024\" height=\"1024\" srcset=\"https:\/\/www.walleriana.com\/mag\/wp-content\/uploads\/2015\/02\/DSC_0864m-1024x1024.jpg 1024w, https:\/\/www.walleriana.com\/mag\/wp-content\/uploads\/2015\/02\/DSC_0864m-150x150.jpg 150w, https:\/\/www.walleriana.com\/mag\/wp-content\/uploads\/2015\/02\/DSC_0864m-300x300.jpg 300w, https:\/\/www.walleriana.com\/mag\/wp-content\/uploads\/2015\/02\/DSC_0864m-1000x999.jpg 1000w, https:\/\/www.walleriana.com\/mag\/wp-content\/uploads\/2015\/02\/DSC_0864m-415x414.jpg 415w, https:\/\/www.walleriana.com\/mag\/wp-content\/uploads\/2015\/02\/DSC_0864m-1080x1080.jpg 1080w, https:\/\/www.walleriana.com\/mag\/wp-content\/uploads\/2015\/02\/DSC_0864m-800x800.jpg 800w, https:\/\/www.walleriana.com\/mag\/wp-content\/uploads\/2015\/02\/DSC_0864m-160x159.jpg 160w, https:\/\/www.walleriana.com\/mag\/wp-content\/uploads\/2015\/02\/DSC_0864m.jpg 1400w\" sizes=\"(max-width: 1024px) 100vw, 1024px\" \/><figcaption id=\"caption-attachment-570\" class=\"wp-caption-text\">Le look de la semaine classique et habill\u00e9 avec les collants Walleriana, inspiration Saint Valentin<\/figcaption><\/figure>\n<h2 style=\"text-align: justify;\">O\u00f9 trouver les accessoires pour ce petit look Saint Valentin\u00a0?<\/h2>\n<p style=\"text-align: justify;\">La jupe en mousseline : Cache-Cache<\/p>\n<p style=\"text-align: justify;\">Le top : \u00ab\u00a0Mister T\u00a0\u00bb de S\u00e9zane<\/p>\n<p style=\"text-align: justify;\">La ceinture \u00ab\u00a0Love\u00a0\u00bb : J-Crew<\/p>\n<p style=\"text-align: justify;\">Le rouge \u00e0 l\u00e8vre : Yves Rocher couleur Corail incandescent (num\u00e9ro 43)<\/p>\n<p style=\"text-align: justify;\">Les collants : <a title=\"Boutique Walleriana\" href=\"https:\/\/www.walleriana.com\" target=\"_blank\" rel=\"noopener\">Walleriana<\/a><\/p>\n<p style=\"text-align: justify;\">Les chaussures : Derbies vernies de chez Andr\u00e9<\/p>\n<figure id=\"attachment_571\" aria-describedby=\"caption-attachment-571\" style=\"width: 715px\" class=\"wp-caption aligncenter\"><img loading=\"lazy\" class=\"wp-image-571 size-large\" src=\"https:\/\/mag.walleriana.com\/wp-content\/uploads\/2015\/02\/DSC_0865m-715x1024.jpg\" alt=\"le look de la Saint Valentin\" width=\"715\" height=\"1024\" srcset=\"https:\/\/www.walleriana.com\/mag\/wp-content\/uploads\/2015\/02\/DSC_0865m-715x1024.jpg 715w, https:\/\/www.walleriana.com\/mag\/wp-content\/uploads\/2015\/02\/DSC_0865m-209x300.jpg 209w, https:\/\/www.walleriana.com\/mag\/wp-content\/uploads\/2015\/02\/DSC_0865m-415x593.jpg 415w, https:\/\/www.walleriana.com\/mag\/wp-content\/uploads\/2015\/02\/DSC_0865m-160x228.jpg 160w, https:\/\/www.walleriana.com\/mag\/wp-content\/uploads\/2015\/02\/DSC_0865m.jpg 1196w\" sizes=\"(max-width: 715px) 100vw, 715px\" \/><figcaption id=\"caption-attachment-571\" class=\"wp-caption-text\">Id\u00e9e Look pour la Saint Valentin<\/figcaption><\/figure>\n<h2 style=\"text-align: justify;\">Rappel Gambettes Sp\u00e9cial Look Saint Valentin<\/h2>\n<p style=\"text-align: justify;\">Pour faire plaisir aux gambettes de sa ch\u00e9rie ou pour s&rsquo;auto-g\u00e2ter, deux codes promo sont \u00e0 utiliser <strong>avant le 13 f\u00e9vrier<\/strong> pour b\u00e9n\u00e9ficier de <strong>-20% sur la boutique<\/strong> <a title=\"Boutique Walleriana\" href=\"https:\/\/www.walleriana.com\" target=\"_blank\" rel=\"noopener\">Walleriana<\/a> :<br \/>\n&#8211; MAVALENTINE pour les hommes qui souhaitent offrir de jolis collants r\u00e9sistants et sexy \u00e0 leur moiti\u00e9.<br \/>\n&#8211; SANSVALENTIN pour les filles qui veulent se chouchouter et puis c&rsquo;est tout !<\/p>\n<p style=\"text-align: justify;\">Tous les d\u00e9tails se trouvent <a title=\"Saint Valentin ou Sans Valentin ?\" href=\"https:\/\/mag.walleriana.com\/2015\/02\/03\/saint-valentin-ou-sans-valentin\/\" target=\"_blank\" rel=\"noopener\">sur cet article : Saint Valentin ou Sans Valentin ?<\/a><\/p>\n<p><img loading=\"lazy\" class=\"aligncenter wp-image-552 size-full\" src=\"https:\/\/mag.walleriana.com\/wp-content\/uploads\/2015\/02\/Valentines-day.png\" alt=\"Saint-Valentin ou sans Valentin\" width=\"519\" height=\"778\" srcset=\"https:\/\/www.walleriana.com\/mag\/wp-content\/uploads\/2015\/02\/Valentines-day.png 519w, https:\/\/www.walleriana.com\/mag\/wp-content\/uploads\/2015\/02\/Valentines-day-200x300.png 200w, https:\/\/www.walleriana.com\/mag\/wp-content\/uploads\/2015\/02\/Valentines-day-415x622.png 415w, https:\/\/www.walleriana.com\/mag\/wp-content\/uploads\/2015\/02\/Valentines-day-160x239.png 160w\" sizes=\"(max-width: 519px) 100vw, 519px\" \/><\/p>\n<h2>Walleriana en d\u00e9tails&#8230;<\/h2>\n<p><a title=\"Les collants de confort Walleriana\" href=\"https:\/\/mag.walleriana.com\/2015\/01\/01\/les-collants-de-confort-walleriana\/\" target=\"_blank\" rel=\"noopener\">Les collants bien-\u00eatre\u00a0Walleriana : pourquoi en porter et comment \u00e7a marche ?<\/a><\/p>\n<p><a title=\"Ils en parlent !\" href=\"https:\/\/mag.walleriana.com\/category\/ils-en-parlent\/\" target=\"_blank\" rel=\"noopener\">Ils en parlent !<\/a><\/p>\n<p><a href=\"https:\/\/mag.walleriana.com\/category\/lookbook\/\" target=\"_blank\" rel=\"noopener\">D&rsquo;autres looks sur le Journal<\/a><\/p>\n<p><a href=\"https:\/\/walleriana.com\/fr\/\" target=\"_blank\" rel=\"noopener\">Walleriana : l&rsquo;eshop<\/a><\/p>\n<p><a href=\"https:\/\/walleriana.com\/fr\/jolis-collants-bien-etre-a-compression-douce\/1-collants-contention-jolis-plumetis-noir.html\" target=\"_blank\" rel=\"noopener\">Les collants galbants \u00e0 compression douce Bonjour Paris : gardez les jambes l\u00e9g\u00e8res et galbez votre silhouette !<\/a><\/p>\n<p>Vous souhaitez partager vos look avec les collants\u00a0Walleriana ?\u00a0Envoyez-nous vos photos de gambettes \u00e0 youretheboss@walleriana.com !<\/p>\n<p>Photos Walleriana \u00a92015 &#8211; Tous droits r\u00e9serv\u00e9s.<\/p>\n","protected":false},"excerpt":{"rendered":"<p>Inspiration\u00a0: en\u00a0F\u00e9vrier un look\u00a0Saint Valentin En manque d&rsquo;inspiration ? Des difficult\u00e9s pour trouver un look Saint Valentin appropri\u00e9 ? Ca&#8230;<\/p>\n","protected":false},"author":1,"featured_media":569,"comment_status":"open","ping_status":"open","sticky":false,"template":"","format":"standard","meta":{"rop_custom_images_group":[],"rop_custom_messages_group":[],"rop_publish_now":"initial","rop_publish_now_accounts":[],"rop_publish_now_history":[],"rop_publish_now_status":"pending"},"categories":[1227],"tags":[90,89,183,27,46,88,92,58,93,87,76,231,85,79,94,64,91],"yoast_head":"<!-- This site is optimized with the Yoast SEO Premium plugin v18.6 (Yoast SEO v19.2) - https:\/\/yoast.com\/wordpress\/plugins\/seo\/ -->\n<title>En F\u00e9vrier, un look Saint Valentin - Libella - Le Mag<\/title>\n<meta name=\"description\" content=\"En manque d&#039;inspiration? Ca tombe bien, voici pour le mois de f\u00e9vrier, un petit look Saint Valentin, classique et habill\u00e9.\" \/>\n<meta name=\"robots\" content=\"index, follow, max-snippet:-1, max-image-preview:large, max-video-preview:-1\" \/>\n<link rel=\"canonical\" href=\"https:\/\/www.walleriana.com\/mag\/en-fevrier-un-look-saint-valentin\/\" \/>\n<meta property=\"og:locale\" content=\"fr_FR\" \/>\n<meta property=\"og:type\" content=\"article\" \/>\n<meta property=\"og:title\" content=\"En F\u00e9vrier, un look Saint Valentin\" \/>\n<meta property=\"og:description\" content=\"Inspiration\u00a0: en\u00a0F\u00e9vrier un look\u00a0Saint Valentin En manque d&#039;inspiration ? Des difficult\u00e9s pour trouver un look Saint Valentin appropri\u00e9 ? Ca tombe bien,\" \/>\n<meta property=\"og:url\" content=\"https:\/\/www.walleriana.com\/mag\/en-fevrier-un-look-saint-valentin\/\" \/>\n<meta property=\"og:site_name\" content=\"Libella - Le Mag\" \/>\n<meta property=\"article:author\" content=\"https:\/\/www.facebook.com\/WallerianaTheShop\/\" \/>\n<meta property=\"article:published_time\" content=\"2015-02-09T18:50:50+00:00\" \/>\n<meta property=\"article:modified_time\" content=\"2019-07-18T18:55:01+00:00\" \/>\n<meta property=\"og:image\" content=\"https:\/\/www.walleriana.com\/mag\/wp-content\/uploads\/2015\/02\/DSC_0859m.jpg\" \/>\n\t<meta property=\"og:image:width\" content=\"1400\" \/>\n\t<meta property=\"og:image:height\" content=\"1400\" \/>\n\t<meta property=\"og:image:type\" content=\"image\/jpeg\" \/>\n<meta name=\"author\" content=\"Juliette - Walleriana\" \/>\n<meta name=\"twitter:label1\" content=\"\u00c9crit par\" \/>\n\t<meta name=\"twitter:data1\" content=\"Juliette - Walleriana\" \/>\n\t<meta name=\"twitter:label2\" content=\"Dur\u00e9e de lecture estim\u00e9e\" \/>\n\t<meta name=\"twitter:data2\" content=\"2 minutes\" \/>\n<script type=\"application\/ld+json\" class=\"yoast-schema-graph\">{\"@context\":\"https:\/\/schema.org\",\"@graph\":[{\"@type\":\"Organization\",\"@id\":\"https:\/\/www.walleriana.com\/mag\/#organization\",\"name\":\"Walleriana\",\"url\":\"https:\/\/www.walleriana.com\/mag\/\",\"sameAs\":[],\"logo\":{\"@type\":\"ImageObject\",\"inLanguage\":\"fr-FR\",\"@id\":\"https:\/\/www.walleriana.com\/mag\/#\/schema\/logo\/image\/\",\"url\":\"https:\/\/walleriana.com\/mag\/wp-content\/uploads\/2021\/05\/Favicon-Walleriana.jpg\",\"contentUrl\":\"https:\/\/walleriana.com\/mag\/wp-content\/uploads\/2021\/05\/Favicon-Walleriana.jpg\",\"width\":496,\"height\":317,\"caption\":\"Walleriana\"},\"image\":{\"@id\":\"https:\/\/www.walleriana.com\/mag\/#\/schema\/logo\/image\/\"}},{\"@type\":\"WebSite\",\"@id\":\"https:\/\/www.walleriana.com\/mag\/#website\",\"url\":\"https:\/\/www.walleriana.com\/mag\/\",\"name\":\"Libella - Le Mag\",\"description\":\"Le Mag bien-\u00eatre &amp; style des jambes l\u00e9g\u00e8res\",\"publisher\":{\"@id\":\"https:\/\/www.walleriana.com\/mag\/#organization\"},\"potentialAction\":[{\"@type\":\"SearchAction\",\"target\":{\"@type\":\"EntryPoint\",\"urlTemplate\":\"https:\/\/www.walleriana.com\/mag\/?s={search_term_string}\"},\"query-input\":\"required name=search_term_string\"}],\"inLanguage\":\"fr-FR\"},{\"@type\":\"ImageObject\",\"inLanguage\":\"fr-FR\",\"@id\":\"https:\/\/www.walleriana.com\/mag\/en-fevrier-un-look-saint-valentin\/#primaryimage\",\"url\":\"https:\/\/www.walleriana.com\/mag\/wp-content\/uploads\/2015\/02\/DSC_0859m.jpg\",\"contentUrl\":\"https:\/\/www.walleriana.com\/mag\/wp-content\/uploads\/2015\/02\/DSC_0859m.jpg\",\"width\":1400,\"height\":1400,\"caption\":\"Le look Saint Valentin avec les collants Walleriana\"},{\"@type\":\"WebPage\",\"@id\":\"https:\/\/www.walleriana.com\/mag\/en-fevrier-un-look-saint-valentin\/#webpage\",\"url\":\"https:\/\/www.walleriana.com\/mag\/en-fevrier-un-look-saint-valentin\/\",\"name\":\"En F\u00e9vrier, un look Saint Valentin - Libella - Le Mag\",\"isPartOf\":{\"@id\":\"https:\/\/www.walleriana.com\/mag\/#website\"},\"primaryImageOfPage\":{\"@id\":\"https:\/\/www.walleriana.com\/mag\/en-fevrier-un-look-saint-valentin\/#primaryimage\"},\"datePublished\":\"2015-02-09T18:50:50+00:00\",\"dateModified\":\"2019-07-18T18:55:01+00:00\",\"description\":\"En manque d'inspiration? Ca tombe bien, voici pour le mois de f\u00e9vrier, un petit look Saint Valentin, classique et habill\u00e9.\",\"breadcrumb\":{\"@id\":\"https:\/\/www.walleriana.com\/mag\/en-fevrier-un-look-saint-valentin\/#breadcrumb\"},\"inLanguage\":\"fr-FR\",\"potentialAction\":[{\"@type\":\"ReadAction\",\"target\":[\"https:\/\/www.walleriana.com\/mag\/en-fevrier-un-look-saint-valentin\/\"]}]},{\"@type\":\"BreadcrumbList\",\"@id\":\"https:\/\/www.walleriana.com\/mag\/en-fevrier-un-look-saint-valentin\/#breadcrumb\",\"itemListElement\":[{\"@type\":\"ListItem\",\"position\":1,\"name\":\"Le mag walleriana\",\"item\":\"https:\/\/www.walleriana.com\/mag\/\"},{\"@type\":\"ListItem\",\"position\":2,\"name\":\"En F\u00e9vrier, un look Saint Valentin\"}]},{\"@type\":\"Article\",\"@id\":\"https:\/\/www.walleriana.com\/mag\/en-fevrier-un-look-saint-valentin\/#article\",\"isPartOf\":{\"@id\":\"https:\/\/www.walleriana.com\/mag\/en-fevrier-un-look-saint-valentin\/#webpage\"},\"author\":{\"name\":\"Juliette - Walleriana\",\"@id\":\"https:\/\/www.walleriana.com\/mag\/#\/schema\/person\/5baeac92243646b67742f8d3441398d9\"},\"headline\":\"En F\u00e9vrier, un look Saint Valentin\",\"datePublished\":\"2015-02-09T18:50:50+00:00\",\"dateModified\":\"2019-07-18T18:55:01+00:00\",\"mainEntityOfPage\":{\"@id\":\"https:\/\/www.walleriana.com\/mag\/en-fevrier-un-look-saint-valentin\/#webpage\"},\"wordCount\":318,\"commentCount\":0,\"publisher\":{\"@id\":\"https:\/\/www.walleriana.com\/mag\/#organization\"},\"image\":{\"@id\":\"https:\/\/www.walleriana.com\/mag\/en-fevrier-un-look-saint-valentin\/#primaryimage\"},\"thumbnailUrl\":\"https:\/\/www.walleriana.com\/mag\/wp-content\/uploads\/2015\/02\/DSC_0859m.jpg\",\"keywords\":[\"Andr\u00e9\",\"cache cache\",\"collants bien-\u00eatre\",\"collants de confort\",\"collants de contention jolis\",\"derbies\",\"J-Crew\",\"jolis collants de contention\",\"lifestyle\",\"look\",\"look du jour\",\"Lookbook\",\"Saint-Valentin\",\"sezane\",\"The Kinfolk table\",\"walleriana\",\"Yves Rocher\"],\"articleSection\":[\"Mode\"],\"inLanguage\":\"fr-FR\",\"potentialAction\":[{\"@type\":\"CommentAction\",\"name\":\"Comment\",\"target\":[\"https:\/\/www.walleriana.com\/mag\/en-fevrier-un-look-saint-valentin\/#respond\"]}]},{\"@type\":\"Person\",\"@id\":\"https:\/\/www.walleriana.com\/mag\/#\/schema\/person\/5baeac92243646b67742f8d3441398d9\",\"name\":\"Juliette - Walleriana\",\"image\":{\"@type\":\"ImageObject\",\"inLanguage\":\"fr-FR\",\"@id\":\"https:\/\/www.walleriana.com\/mag\/#\/schema\/person\/image\/\",\"url\":\"https:\/\/secure.gravatar.com\/avatar\/ce9c5a3e6e33bfab4a2e0f4a7c40f9e7?s=96&d=mm&r=g\",\"contentUrl\":\"https:\/\/secure.gravatar.com\/avatar\/ce9c5a3e6e33bfab4a2e0f4a7c40f9e7?s=96&d=mm&r=g\",\"caption\":\"Juliette - Walleriana\"},\"sameAs\":[\"https:\/\/walleriana.com\",\"https:\/\/www.facebook.com\/WallerianaTheShop\/\",\"https:\/\/twitter.com\/WallerianaParis\"],\"url\":\"https:\/\/www.walleriana.com\/mag\/author\/juliettewalleriana-com\/\"}]}<\/script>\n<!-- \/ Yoast SEO Premium plugin. -->","yoast_head_json":{"title":"En F\u00e9vrier, un look Saint Valentin - Libella - Le Mag","description":"En manque d'inspiration? Ca tombe bien, voici pour le mois de f\u00e9vrier, un petit look Saint Valentin, classique et habill\u00e9.","robots":{"index":"index","follow":"follow","max-snippet":"max-snippet:-1","max-image-preview":"max-image-preview:large","max-video-preview":"max-video-preview:-1"},"canonical":"https:\/\/www.walleriana.com\/mag\/en-fevrier-un-look-saint-valentin\/","og_locale":"fr_FR","og_type":"article","og_title":"En F\u00e9vrier, un look Saint Valentin","og_description":"Inspiration\u00a0: en\u00a0F\u00e9vrier un look\u00a0Saint Valentin En manque d'inspiration ? Des difficult\u00e9s pour trouver un look Saint Valentin appropri\u00e9 ? Ca tombe bien,","og_url":"https:\/\/www.walleriana.com\/mag\/en-fevrier-un-look-saint-valentin\/","og_site_name":"Libella - Le Mag","article_author":"https:\/\/www.facebook.com\/WallerianaTheShop\/","article_published_time":"2015-02-09T18:50:50+00:00","article_modified_time":"2019-07-18T18:55:01+00:00","og_image":[{"width":1400,"height":1400,"url":"https:\/\/www.walleriana.com\/mag\/wp-content\/uploads\/2015\/02\/DSC_0859m.jpg","type":"image\/jpeg"}],"author":"Juliette - Walleriana","twitter_misc":{"\u00c9crit par":"Juliette - Walleriana","Dur\u00e9e de lecture estim\u00e9e":"2 minutes"},"schema":{"@context":"https:\/\/schema.org","@graph":[{"@type":"Organization","@id":"https:\/\/www.walleriana.com\/mag\/#organization","name":"Walleriana","url":"https:\/\/www.walleriana.com\/mag\/","sameAs":[],"logo":{"@type":"ImageObject","inLanguage":"fr-FR","@id":"https:\/\/www.walleriana.com\/mag\/#\/schema\/logo\/image\/","url":"https:\/\/walleriana.com\/mag\/wp-content\/uploads\/2021\/05\/Favicon-Walleriana.jpg","contentUrl":"https:\/\/walleriana.com\/mag\/wp-content\/uploads\/2021\/05\/Favicon-Walleriana.jpg","width":496,"height":317,"caption":"Walleriana"},"image":{"@id":"https:\/\/www.walleriana.com\/mag\/#\/schema\/logo\/image\/"}},{"@type":"WebSite","@id":"https:\/\/www.walleriana.com\/mag\/#website","url":"https:\/\/www.walleriana.com\/mag\/","name":"Libella - Le Mag","description":"Le Mag bien-\u00eatre &amp; style des jambes l\u00e9g\u00e8res","publisher":{"@id":"https:\/\/www.walleriana.com\/mag\/#organization"},"potentialAction":[{"@type":"SearchAction","target":{"@type":"EntryPoint","urlTemplate":"https:\/\/www.walleriana.com\/mag\/?s={search_term_string}"},"query-input":"required name=search_term_string"}],"inLanguage":"fr-FR"},{"@type":"ImageObject","inLanguage":"fr-FR","@id":"https:\/\/www.walleriana.com\/mag\/en-fevrier-un-look-saint-valentin\/#primaryimage","url":"https:\/\/www.walleriana.com\/mag\/wp-content\/uploads\/2015\/02\/DSC_0859m.jpg","contentUrl":"https:\/\/www.walleriana.com\/mag\/wp-content\/uploads\/2015\/02\/DSC_0859m.jpg","width":1400,"height":1400,"caption":"Le look Saint Valentin avec les collants Walleriana"},{"@type":"WebPage","@id":"https:\/\/www.walleriana.com\/mag\/en-fevrier-un-look-saint-valentin\/#webpage","url":"https:\/\/www.walleriana.com\/mag\/en-fevrier-un-look-saint-valentin\/","name":"En F\u00e9vrier, un look Saint Valentin - Libella - Le Mag","isPartOf":{"@id":"https:\/\/www.walleriana.com\/mag\/#website"},"primaryImageOfPage":{"@id":"https:\/\/www.walleriana.com\/mag\/en-fevrier-un-look-saint-valentin\/#primaryimage"},"datePublished":"2015-02-09T18:50:50+00:00","dateModified":"2019-07-18T18:55:01+00:00","description":"En manque d'inspiration? Ca tombe bien, voici pour le mois de f\u00e9vrier, un petit look Saint Valentin, classique et habill\u00e9.","breadcrumb":{"@id":"https:\/\/www.walleriana.com\/mag\/en-fevrier-un-look-saint-valentin\/#breadcrumb"},"inLanguage":"fr-FR","potentialAction":[{"@type":"ReadAction","target":["https:\/\/www.walleriana.com\/mag\/en-fevrier-un-look-saint-valentin\/"]}]},{"@type":"BreadcrumbList","@id":"https:\/\/www.walleriana.com\/mag\/en-fevrier-un-look-saint-valentin\/#breadcrumb","itemListElement":[{"@type":"ListItem","position":1,"name":"Le mag walleriana","item":"https:\/\/www.walleriana.com\/mag\/"},{"@type":"ListItem","position":2,"name":"En F\u00e9vrier, un look Saint Valentin"}]},{"@type":"Article","@id":"https:\/\/www.walleriana.com\/mag\/en-fevrier-un-look-saint-valentin\/#article","isPartOf":{"@id":"https:\/\/www.walleriana.com\/mag\/en-fevrier-un-look-saint-valentin\/#webpage"},"author":{"name":"Juliette - Walleriana","@id":"https:\/\/www.walleriana.com\/mag\/#\/schema\/person\/5baeac92243646b67742f8d3441398d9"},"headline":"En F\u00e9vrier, un look Saint Valentin","datePublished":"2015-02-09T18:50:50+00:00","dateModified":"2019-07-18T18:55:01+00:00","mainEntityOfPage":{"@id":"https:\/\/www.walleriana.com\/mag\/en-fevrier-un-look-saint-valentin\/#webpage"},"wordCount":318,"commentCount":0,"publisher":{"@id":"https:\/\/www.walleriana.com\/mag\/#organization"},"image":{"@id":"https:\/\/www.walleriana.com\/mag\/en-fevrier-un-look-saint-valentin\/#primaryimage"},"thumbnailUrl":"https:\/\/www.walleriana.com\/mag\/wp-content\/uploads\/2015\/02\/DSC_0859m.jpg","keywords":["Andr\u00e9","cache cache","collants bien-\u00eatre","collants de confort","collants de contention jolis","derbies","J-Crew","jolis collants de contention","lifestyle","look","look du jour","Lookbook","Saint-Valentin","sezane","The Kinfolk table","walleriana","Yves Rocher"],"articleSection":["Mode"],"inLanguage":"fr-FR","potentialAction":[{"@type":"CommentAction","name":"Comment","target":["https:\/\/www.walleriana.com\/mag\/en-fevrier-un-look-saint-valentin\/#respond"]}]},{"@type":"Person","@id":"https:\/\/www.walleriana.com\/mag\/#\/schema\/person\/5baeac92243646b67742f8d3441398d9","name":"Juliette - Walleriana","image":{"@type":"ImageObject","inLanguage":"fr-FR","@id":"https:\/\/www.walleriana.com\/mag\/#\/schema\/person\/image\/","url":"https:\/\/secure.gravatar.com\/avatar\/ce9c5a3e6e33bfab4a2e0f4a7c40f9e7?s=96&d=mm&r=g","contentUrl":"https:\/\/secure.gravatar.com\/avatar\/ce9c5a3e6e33bfab4a2e0f4a7c40f9e7?s=96&d=mm&r=g","caption":"Juliette - Walleriana"},"sameAs":["https:\/\/walleriana.com","https:\/\/www.facebook.com\/WallerianaTheShop\/","https:\/\/twitter.com\/WallerianaParis"],"url":"https:\/\/www.walleriana.com\/mag\/author\/juliettewalleriana-com\/"}]}},"_links":{"self":[{"href":"https:\/\/www.walleriana.com\/mag\/wp-json\/wp\/v2\/posts\/561"}],"collection":[{"href":"https:\/\/www.walleriana.com\/mag\/wp-json\/wp\/v2\/posts"}],"about":[{"href":"https:\/\/www.walleriana.com\/mag\/wp-json\/wp\/v2\/types\/post"}],"author":[{"embeddable":true,"href":"https:\/\/www.walleriana.com\/mag\/wp-json\/wp\/v2\/users\/1"}],"replies":[{"embeddable":true,"href":"https:\/\/www.walleriana.com\/mag\/wp-json\/wp\/v2\/comments?post=561"}],"version-history":[{"count":29,"href":"https:\/\/www.walleriana.com\/mag\/wp-json\/wp\/v2\/posts\/561\/revisions"}],"predecessor-version":[{"id":3863,"href":"https:\/\/www.walleriana.com\/mag\/wp-json\/wp\/v2\/posts\/561\/revisions\/3863"}],"wp:featuredmedia":[{"embeddable":true,"href":"https:\/\/www.walleriana.com\/mag\/wp-json\/wp\/v2\/media\/569"}],"wp:attachment":[{"href":"https:\/\/www.walleriana.com\/mag\/wp-json\/wp\/v2\/media?parent=561"}],"wp:term":[{"taxonomy":"category","embeddable":true,"href":"https:\/\/www.walleriana.com\/mag\/wp-json\/wp\/v2\/categories?post=561"},{"taxonomy":"post_tag","embeddable":true,"href":"https:\/\/www.walleriana.com\/mag\/wp-json\/wp\/v2\/tags?post=561"}],"curies":[{"name":"wp","href":"https:\/\/api.w.org\/{rel}","templated":true}]}}