{"id":633,"date":"2015-02-18T14:00:27","date_gmt":"2015-02-18T13:00:27","guid":{"rendered":"http:\/\/blog.walleriana.com\/?p=633"},"modified":"2016-08-03T18:14:31","modified_gmt":"2016-08-03T17:14:31","slug":"microsoft-parle-de-walleriana","status":"publish","type":"post","link":"https:\/\/www.walleriana.com\/mag\/microsoft-parle-de-walleriana\/","title":{"rendered":"Microsoft parle de Walleriana"},"content":{"rendered":"<figure id=\"attachment_958\" aria-describedby=\"caption-attachment-958\" style=\"width: 1024px\" class=\"wp-caption aligncenter\"><img loading=\"lazy\" class=\"wp-image-958 size-large\" src=\"https:\/\/mag.walleriana.com\/wp-content\/uploads\/2015\/02\/201412080203JBweb-1024x512.jpg\" alt=\"Walleriana par Justin Bastien (Microsoft)\" width=\"1024\" height=\"512\" srcset=\"https:\/\/www.walleriana.com\/mag\/wp-content\/uploads\/2015\/02\/201412080203JBweb-1024x512.jpg 1024w, https:\/\/www.walleriana.com\/mag\/wp-content\/uploads\/2015\/02\/201412080203JBweb-300x150.jpg 300w, https:\/\/www.walleriana.com\/mag\/wp-content\/uploads\/2015\/02\/201412080203JBweb-200x100.jpg 200w, https:\/\/www.walleriana.com\/mag\/wp-content\/uploads\/2015\/02\/201412080203JBweb-1000x500.jpg 1000w, https:\/\/www.walleriana.com\/mag\/wp-content\/uploads\/2015\/02\/201412080203JBweb-1400x700.jpg 1400w, https:\/\/www.walleriana.com\/mag\/wp-content\/uploads\/2015\/02\/201412080203JBweb-415x208.jpg 415w, https:\/\/www.walleriana.com\/mag\/wp-content\/uploads\/2015\/02\/201412080203JBweb-160x80.jpg 160w, https:\/\/www.walleriana.com\/mag\/wp-content\/uploads\/2015\/02\/201412080203JBweb.jpg 1729w\" sizes=\"(max-width: 1024px) 100vw, 1024px\" \/><figcaption id=\"caption-attachment-958\" class=\"wp-caption-text\"><em>Walleriana par Justin Bastien (Microsoft)<\/em><\/figcaption><\/figure>\n<h2 style=\"text-align: justify;\">Pourquoi le groupe Microsoft Monde a-t-il choisi de parler de Walleriana ?<\/h2>\n<p style=\"text-align: justify;\">A l&rsquo;occasion du lancement de leur cha\u00eene Instagram, Microsoft a lanc\u00e9 une campagne afin de r\u00e9colter des candidatures du monde entier sur le th\u00e8me :\u00a0\u00ab\u00a0People who do more with technologies\u00a0\u00bb (litt\u00e9ralement: personnes qui en font plus gr\u00e2ce aux nouvelles technologies). Leur but ? Raconter les histoires d&rsquo;individus ayant un parcours atypique, et qui, par leur activit\u00e9 ou leur passion, et gr\u00e2ce aux nouvelles technologies, en font plus chaque jour pour faire avancer leur projet.<\/p>\n<figure id=\"attachment_649\" aria-describedby=\"caption-attachment-649\" style=\"width: 1024px\" class=\"wp-caption aligncenter\"><img loading=\"lazy\" class=\"wp-image-649 size-large\" src=\"https:\/\/mag.walleriana.com\/wp-content\/uploads\/2015\/02\/IMG_7293-1024x1024.jpg\" alt=\"Shooting au Caf\u00e9 Pinson\" width=\"1024\" height=\"1024\" srcset=\"https:\/\/www.walleriana.com\/mag\/wp-content\/uploads\/2015\/02\/IMG_7293-1024x1024.jpg 1024w, https:\/\/www.walleriana.com\/mag\/wp-content\/uploads\/2015\/02\/IMG_7293-150x150.jpg 150w, https:\/\/www.walleriana.com\/mag\/wp-content\/uploads\/2015\/02\/IMG_7293-300x300.jpg 300w, https:\/\/www.walleriana.com\/mag\/wp-content\/uploads\/2015\/02\/IMG_7293-1000x1000.jpg 1000w, https:\/\/www.walleriana.com\/mag\/wp-content\/uploads\/2015\/02\/IMG_7293-1400x1400.jpg 1400w, https:\/\/www.walleriana.com\/mag\/wp-content\/uploads\/2015\/02\/IMG_7293-415x415.jpg 415w, https:\/\/www.walleriana.com\/mag\/wp-content\/uploads\/2015\/02\/IMG_7293-1080x1080.jpg 1080w, https:\/\/www.walleriana.com\/mag\/wp-content\/uploads\/2015\/02\/IMG_7293-800x800.jpg 800w, https:\/\/www.walleriana.com\/mag\/wp-content\/uploads\/2015\/02\/IMG_7293-160x160.jpg 160w, https:\/\/www.walleriana.com\/mag\/wp-content\/uploads\/2015\/02\/IMG_7293.jpg 2012w\" sizes=\"(max-width: 1024px) 100vw, 1024px\" \/><figcaption id=\"caption-attachment-649\" class=\"wp-caption-text\">Shooting au Caf\u00e9 Pinson, Microsoft vs Walleriana<\/figcaption><\/figure>\n<h2 style=\"text-align: justify;\">L&rsquo;aventure Microsoft vs Walleriana \u00e9tait lanc\u00e9e&#8230;<\/h2>\n<p style=\"text-align: justify;\">Ma candidature, en tant que cr\u00e9atrice de la marque Walleriana, a \u00e9t\u00e9 retenue, et j&rsquo;ai pu rencontrer une \u00e9quipe g\u00e9niale compos\u00e9e de deux photographes (<a title=\"Justin Bastin official website\" href=\"https:\/\/www.justinbastien.com\/\" target=\"_blank\">Justin Bastien<\/a>, photographe ind\u00e9pendant, et Christopher Swanson, Art director) et de la coordinatrice de l&rsquo;\u00e9v\u00e8nement\u00a0(Jena Dodd, Senior Art Producer)\u00a0en d\u00e9cembre 2014. Un reportage a \u00e9t\u00e9 tourn\u00e9 au sein d&rsquo;un caf\u00e9 que j&rsquo;affectionne particuli\u00e8rement pour l&rsquo;ambiance douce et sereine y r\u00e9gnant, propice au travail, \u00e0 la d\u00e9coration \u00e9tudi\u00e9e et aux petits plats particuli\u00e8rement gourmands et sains : le <a title=\"Caf\u00e9 Pinson website\" href=\"https:\/\/www.cafepinson.fr\/home\/\" target=\"_blank\">Caf\u00e9 Pinson<\/a> du 10e arrondissement de Paris.<\/p>\n<figure id=\"attachment_634\" aria-describedby=\"caption-attachment-634\" style=\"width: 487px\" class=\"wp-caption aligncenter\"><img loading=\"lazy\" class=\"wp-image-634 size-full\" src=\"https:\/\/mag.walleriana.com\/wp-content\/uploads\/2015\/02\/Capture-d\u2019\u00e9cran-2015-01-30-\u00e0-21.59.25.png\" alt=\"Microsoft interview for Instagram Channel\" width=\"487\" height=\"386\" srcset=\"https:\/\/www.walleriana.com\/mag\/wp-content\/uploads\/2015\/02\/Capture-d\u2019\u00e9cran-2015-01-30-\u00e0-21.59.25.png 487w, https:\/\/www.walleriana.com\/mag\/wp-content\/uploads\/2015\/02\/Capture-d\u2019\u00e9cran-2015-01-30-\u00e0-21.59.25-300x237.png 300w, https:\/\/www.walleriana.com\/mag\/wp-content\/uploads\/2015\/02\/Capture-d\u2019\u00e9cran-2015-01-30-\u00e0-21.59.25-415x328.png 415w, https:\/\/www.walleriana.com\/mag\/wp-content\/uploads\/2015\/02\/Capture-d\u2019\u00e9cran-2015-01-30-\u00e0-21.59.25-160x126.png 160w\" sizes=\"(max-width: 487px) 100vw, 487px\" \/><figcaption id=\"caption-attachment-634\" class=\"wp-caption-text\">Microsoft interview for Instagram Channel<\/figcaption><\/figure>\n<p style=\"text-align: justify;\">La joyeuse \u00e9quipe am\u00e9ricaine choisie par Microsoft s&rsquo;est donc ing\u00e9ni\u00e9e \u00e0 me faire rire devant leurs appareils photos Oh combien intimidant durant toute une soir\u00e9e ! Un moment de franche rigolade pour un rendu plus que s\u00e9rieux, puisque l&rsquo;article fut ensuite publi\u00e9 sur les r\u00e9seaux sociaux de Microsoft Monde.<\/p>\n<figure id=\"attachment_640\" aria-describedby=\"caption-attachment-640\" style=\"width: 579px\" class=\"wp-caption aligncenter\"><img loading=\"lazy\" class=\"wp-image-640 size-full\" src=\"https:\/\/mag.walleriana.com\/wp-content\/uploads\/2015\/02\/Capture-d\u2019\u00e9cran-2015-01-30-\u00e0-22.20.19.png\" alt=\"Microsoft interview for Twitter\" width=\"579\" height=\"379\" srcset=\"https:\/\/www.walleriana.com\/mag\/wp-content\/uploads\/2015\/02\/Capture-d\u2019\u00e9cran-2015-01-30-\u00e0-22.20.19.png 579w, https:\/\/www.walleriana.com\/mag\/wp-content\/uploads\/2015\/02\/Capture-d\u2019\u00e9cran-2015-01-30-\u00e0-22.20.19-300x196.png 300w, https:\/\/www.walleriana.com\/mag\/wp-content\/uploads\/2015\/02\/Capture-d\u2019\u00e9cran-2015-01-30-\u00e0-22.20.19-415x271.png 415w, https:\/\/www.walleriana.com\/mag\/wp-content\/uploads\/2015\/02\/Capture-d\u2019\u00e9cran-2015-01-30-\u00e0-22.20.19-160x104.png 160w\" sizes=\"(max-width: 579px) 100vw, 579px\" \/><figcaption id=\"caption-attachment-640\" class=\"wp-caption-text\">Description Walleriana sur le Twitter de Microsoft<\/figcaption><\/figure>\n<h2 style=\"text-align: justify;\">De chouettes images sur Instagram, Facebook et Twitter !<\/h2>\n<p style=\"text-align: justify;\">Microsoft Monde a publi\u00e9 de chouettes photos de Walleriana sur leurs comptes Instagram, Twitter et Facebook, le tout agr\u00e9ment\u00e9 du hashtag #DoMore, partie int\u00e9grante de leur campagne de promotion.<\/p>\n<p style=\"text-align: justify;\"><strong><span style=\"text-decoration: underline;\">Extrait de Microsoft Instagram Chanel<\/span> :<\/strong><\/p>\n<blockquote><p><img loading=\"lazy\" class=\"wp-image-638 size-full\" src=\"https:\/\/mag.walleriana.com\/wp-content\/uploads\/2015\/02\/Capture-d\u2019\u00e9cran-2015-01-30-\u00e0-22.05.15.png\" alt=\"Microsoft interview for Instagram Channel\" width=\"405\" height=\"246\" srcset=\"https:\/\/www.walleriana.com\/mag\/wp-content\/uploads\/2015\/02\/Capture-d\u2019\u00e9cran-2015-01-30-\u00e0-22.05.15.png 405w, https:\/\/www.walleriana.com\/mag\/wp-content\/uploads\/2015\/02\/Capture-d\u2019\u00e9cran-2015-01-30-\u00e0-22.05.15-300x182.png 300w, https:\/\/www.walleriana.com\/mag\/wp-content\/uploads\/2015\/02\/Capture-d\u2019\u00e9cran-2015-01-30-\u00e0-22.05.15-160x97.png 160w\" sizes=\"(max-width: 405px) 100vw, 405px\" \/><\/p>\n<p><img loading=\"lazy\" class=\"wp-image-637 size-full\" src=\"https:\/\/mag.walleriana.com\/wp-content\/uploads\/2015\/02\/Capture-d\u2019\u00e9cran-2015-01-30-\u00e0-22.05.01.png\" alt=\"Microsoft interview for Instagram Channel\" width=\"406\" height=\"258\" srcset=\"https:\/\/www.walleriana.com\/mag\/wp-content\/uploads\/2015\/02\/Capture-d\u2019\u00e9cran-2015-01-30-\u00e0-22.05.01.png 406w, https:\/\/www.walleriana.com\/mag\/wp-content\/uploads\/2015\/02\/Capture-d\u2019\u00e9cran-2015-01-30-\u00e0-22.05.01-300x190.png 300w, https:\/\/www.walleriana.com\/mag\/wp-content\/uploads\/2015\/02\/Capture-d\u2019\u00e9cran-2015-01-30-\u00e0-22.05.01-160x101.png 160w\" sizes=\"(max-width: 406px) 100vw, 406px\" \/><\/p><\/blockquote>\n<p style=\"text-align: justify;\">A\u00a0d\u00e9couvrir directement sur leurs\u00a0r\u00e9seaux sociaux !<\/p>\n<p style=\"text-align: justify;\"><a title=\"Microsoft instagram channel\" href=\"https:\/\/instagram.com\/microsoft\/\" target=\"_blank\">Microsoft Instagram channel<\/a><\/p>\n<p style=\"text-align: justify;\"><a title=\"Microsoft Monde page officielle Facebook\" href=\"https:\/\/www.facebook.com\/Microsoft?fref=ts\" target=\"_blank\">Microsoft Redmond Facebook Page<\/a> (pour acc\u00e9der \u00e0 la page Monde, il faut cliquer sur les points de suspension en haut \u00e0 droite, et changer de r\u00e9gion).<\/p>\n<p style=\"text-align: justify;\"><a title=\"Twitter officiel de Microsoft\" href=\"https:\/\/twitter.com\/Microsoft\" target=\"_blank\">Microsoft Twitter<\/a><\/p>\n<p style=\"text-align: justify;\"><a title=\"Page Facebook Walleriana\" href=\"https:\/\/www.facebook.com\/WallerianaTheShop\" target=\"_blank\">Page\u00a0Facebook officielle de Walleriana<\/a><\/p>\n<p style=\"text-align: justify;\"><a title=\"Walleriana compte instagram\" href=\"https:\/\/instagram.com\/walleriana_paris\/\" target=\"_blank\">Walleriana Instagram<\/a><\/p>\n<p style=\"text-align: justify;\"><a title=\"Walleriana Twitter\" href=\"https:\/\/twitter.com\/WallerianaParis\" target=\"_blank\">Walleriana Twitter<\/a><\/p>\n<p style=\"text-align: justify;\"><a title=\"Justin Bastien official website\" href=\"https:\/\/www.justinbastien.com\/\" target=\"_blank\">Justin Bastien, photographe<\/a>, site officiel<\/p>\n<p style=\"text-align: justify;\">Merci au <a title=\"Caf\u00e9 Pinson site officiel\" href=\"https:\/\/www.cafepinson.fr\/home\/\" target=\"_blank\">Caf\u00e9 Pinson<\/a> du 10e arrondissement, pour leur accueil chaleureux et leur service impeccable.<\/p>\n<p style=\"text-align: justify;\">A special thanks to the great\u00a0Microsoft Team for the awesome\u00a0moment I spent with them, even though it was a freaking cold day, and I am not a good model !<\/p>\n<h2 style=\"text-align: justify;\">Pour en savoir plus : Walleriana en d\u00e9tails&#8230;<\/h2>\n<p style=\"text-align: justify;\">&#8211;\u00a0<a title=\"Hey Flamingo l'interview\" href=\"https:\/\/mag.walleriana.com\/2015\/03\/19\/walleriana-linterview-par-le-magazine-hey-flamingo\/\" target=\"_blank\">L&rsquo;interview de Walleriana par Hey Flamingo<\/a><\/p>\n<p style=\"text-align: justify;\">&#8211;\u00a0<a title=\"Les collants de confort Walleriana\" href=\"https:\/\/mag.walleriana.com\/2015\/01\/01\/les-collants-de-confort-walleriana\/\" target=\"_blank\">Les collants de confort : pourquoi en porter et comment \u00e7a marche ?<\/a><\/p>\n<p style=\"text-align: justify;\">&#8211; <a title=\"Qui suis-je ?\" href=\"https:\/\/mag.walleriana.com\/2014\/11\/25\/qui-suis-je\/\" target=\"_blank\">Qui suis-je ?<\/a><\/p>\n<p style=\"text-align: justify;\">&#8211; <a title=\"Pourquoi ce blog ?\" href=\"https:\/\/mag.walleriana.com\/2014\/11\/25\/pourquoi-ce-blog\/\" target=\"_blank\">Pourquoi ce blog ?<\/a><\/p>\n<p style=\"text-align: justify;\">&#8211; <a title=\"La Boutique Walleriana\" href=\"https:\/\/walleriana.com\/fr\/\" target=\"_blank\">La Boutique Walleriana<\/a><\/p>\n","protected":false},"excerpt":{"rendered":"<p>Pourquoi le groupe Microsoft Monde a-t-il choisi de parler de Walleriana ? A l&rsquo;occasion du lancement de leur cha\u00eene Instagram,&#8230;<\/p>\n","protected":false},"author":1,"featured_media":636,"comment_status":"open","ping_status":"open","sticky":false,"template":"","format":"standard","meta":{"rop_custom_images_group":[],"rop_custom_messages_group":[],"rop_publish_now":"initial","rop_publish_now_accounts":[],"rop_publish_now_history":[],"rop_publish_now_status":"pending"},"categories":[98],"tags":[105,27,46,106,766,108,1003,104,107,64],"yoast_head":"<!-- This site is optimized with the Yoast SEO Premium plugin v18.6 (Yoast SEO v19.2) - https:\/\/yoast.com\/wordpress\/plugins\/seo\/ -->\n<title>Microsoft parle de Walleriana - Libella - Le Mag<\/title>\n<meta name=\"description\" content=\"A l&#039;occasion du lancement de leur cha\u00eene Instagram, Microsoft a lanc\u00e9 une campagne sur le th\u00e8me : &quot;People who do more with technologies&quot; #DoMore\" \/>\n<meta name=\"robots\" content=\"index, follow, max-snippet:-1, max-image-preview:large, max-video-preview:-1\" \/>\n<link rel=\"canonical\" href=\"https:\/\/www.walleriana.com\/mag\/microsoft-parle-de-walleriana\/\" \/>\n<meta property=\"og:locale\" content=\"fr_FR\" \/>\n<meta property=\"og:type\" content=\"article\" \/>\n<meta property=\"og:title\" content=\"Microsoft parle de Walleriana\" \/>\n<meta property=\"og:description\" content=\"Pourquoi le groupe Microsoft Monde a-t-il choisi de parler de Walleriana ? A l&#039;occasion du lancement de leur cha\u00eene Instagram, Microsoft a lanc\u00e9 une\" \/>\n<meta property=\"og:url\" content=\"https:\/\/www.walleriana.com\/mag\/microsoft-parle-de-walleriana\/\" \/>\n<meta property=\"og:site_name\" content=\"Libella - Le Mag\" \/>\n<meta property=\"article:author\" content=\"https:\/\/www.facebook.com\/WallerianaTheShop\/\" \/>\n<meta property=\"article:published_time\" content=\"2015-02-18T13:00:27+00:00\" \/>\n<meta property=\"article:modified_time\" content=\"2016-08-03T17:14:31+00:00\" \/>\n<meta property=\"og:image\" content=\"https:\/\/www.walleriana.com\/mag\/wp-content\/uploads\/2015\/02\/Capture-d\u2019\u00e9cran-2015-01-30-\u00e0-22.04.47.png\" \/>\n\t<meta property=\"og:image:width\" content=\"613\" \/>\n\t<meta property=\"og:image:height\" content=\"612\" \/>\n\t<meta property=\"og:image:type\" content=\"image\/png\" \/>\n<meta name=\"author\" content=\"Juliette - Walleriana\" \/>\n<meta name=\"twitter:label1\" content=\"\u00c9crit par\" \/>\n\t<meta name=\"twitter:data1\" content=\"Juliette - Walleriana\" \/>\n\t<meta name=\"twitter:label2\" content=\"Dur\u00e9e de lecture estim\u00e9e\" \/>\n\t<meta name=\"twitter:data2\" content=\"2 minutes\" \/>\n<script type=\"application\/ld+json\" class=\"yoast-schema-graph\">{\"@context\":\"https:\/\/schema.org\",\"@graph\":[{\"@type\":\"Organization\",\"@id\":\"https:\/\/www.walleriana.com\/mag\/#organization\",\"name\":\"Walleriana\",\"url\":\"https:\/\/www.walleriana.com\/mag\/\",\"sameAs\":[],\"logo\":{\"@type\":\"ImageObject\",\"inLanguage\":\"fr-FR\",\"@id\":\"https:\/\/www.walleriana.com\/mag\/#\/schema\/logo\/image\/\",\"url\":\"https:\/\/walleriana.com\/mag\/wp-content\/uploads\/2021\/05\/Favicon-Walleriana.jpg\",\"contentUrl\":\"https:\/\/walleriana.com\/mag\/wp-content\/uploads\/2021\/05\/Favicon-Walleriana.jpg\",\"width\":496,\"height\":317,\"caption\":\"Walleriana\"},\"image\":{\"@id\":\"https:\/\/www.walleriana.com\/mag\/#\/schema\/logo\/image\/\"}},{\"@type\":\"WebSite\",\"@id\":\"https:\/\/www.walleriana.com\/mag\/#website\",\"url\":\"https:\/\/www.walleriana.com\/mag\/\",\"name\":\"Libella - Le Mag\",\"description\":\"Le Mag bien-\u00eatre &amp; style des jambes l\u00e9g\u00e8res\",\"publisher\":{\"@id\":\"https:\/\/www.walleriana.com\/mag\/#organization\"},\"potentialAction\":[{\"@type\":\"SearchAction\",\"target\":{\"@type\":\"EntryPoint\",\"urlTemplate\":\"https:\/\/www.walleriana.com\/mag\/?s={search_term_string}\"},\"query-input\":\"required name=search_term_string\"}],\"inLanguage\":\"fr-FR\"},{\"@type\":\"ImageObject\",\"inLanguage\":\"fr-FR\",\"@id\":\"https:\/\/www.walleriana.com\/mag\/microsoft-parle-de-walleriana\/#primaryimage\",\"url\":\"https:\/\/www.walleriana.com\/mag\/wp-content\/uploads\/2015\/02\/Capture-d\u2019\u00e9cran-2015-01-30-\u00e0-22.04.47.png\",\"contentUrl\":\"https:\/\/www.walleriana.com\/mag\/wp-content\/uploads\/2015\/02\/Capture-d\u2019\u00e9cran-2015-01-30-\u00e0-22.04.47.png\",\"width\":613,\"height\":612,\"caption\":\"Walleriana collants de confort par Justin Bastien\"},{\"@type\":\"WebPage\",\"@id\":\"https:\/\/www.walleriana.com\/mag\/microsoft-parle-de-walleriana\/#webpage\",\"url\":\"https:\/\/www.walleriana.com\/mag\/microsoft-parle-de-walleriana\/\",\"name\":\"Microsoft parle de Walleriana - Libella - Le Mag\",\"isPartOf\":{\"@id\":\"https:\/\/www.walleriana.com\/mag\/#website\"},\"primaryImageOfPage\":{\"@id\":\"https:\/\/www.walleriana.com\/mag\/microsoft-parle-de-walleriana\/#primaryimage\"},\"datePublished\":\"2015-02-18T13:00:27+00:00\",\"dateModified\":\"2016-08-03T17:14:31+00:00\",\"description\":\"A l'occasion du lancement de leur cha\u00eene Instagram, Microsoft a lanc\u00e9 une campagne sur le th\u00e8me : \\\"People who do more with technologies\\\" #DoMore\",\"breadcrumb\":{\"@id\":\"https:\/\/www.walleriana.com\/mag\/microsoft-parle-de-walleriana\/#breadcrumb\"},\"inLanguage\":\"fr-FR\",\"potentialAction\":[{\"@type\":\"ReadAction\",\"target\":[\"https:\/\/www.walleriana.com\/mag\/microsoft-parle-de-walleriana\/\"]}]},{\"@type\":\"BreadcrumbList\",\"@id\":\"https:\/\/www.walleriana.com\/mag\/microsoft-parle-de-walleriana\/#breadcrumb\",\"itemListElement\":[{\"@type\":\"ListItem\",\"position\":1,\"name\":\"Le mag walleriana\",\"item\":\"https:\/\/www.walleriana.com\/mag\/\"},{\"@type\":\"ListItem\",\"position\":2,\"name\":\"Microsoft parle de Walleriana\"}]},{\"@type\":\"Article\",\"@id\":\"https:\/\/www.walleriana.com\/mag\/microsoft-parle-de-walleriana\/#article\",\"isPartOf\":{\"@id\":\"https:\/\/www.walleriana.com\/mag\/microsoft-parle-de-walleriana\/#webpage\"},\"author\":{\"name\":\"Juliette - Walleriana\",\"@id\":\"https:\/\/www.walleriana.com\/mag\/#\/schema\/person\/5baeac92243646b67742f8d3441398d9\"},\"headline\":\"Microsoft parle de Walleriana\",\"datePublished\":\"2015-02-18T13:00:27+00:00\",\"dateModified\":\"2016-08-03T17:14:31+00:00\",\"mainEntityOfPage\":{\"@id\":\"https:\/\/www.walleriana.com\/mag\/microsoft-parle-de-walleriana\/#webpage\"},\"wordCount\":487,\"commentCount\":0,\"publisher\":{\"@id\":\"https:\/\/www.walleriana.com\/mag\/#organization\"},\"image\":{\"@id\":\"https:\/\/www.walleriana.com\/mag\/microsoft-parle-de-walleriana\/#primaryimage\"},\"thumbnailUrl\":\"https:\/\/www.walleriana.com\/mag\/wp-content\/uploads\/2015\/02\/Capture-d\u2019\u00e9cran-2015-01-30-\u00e0-22.04.47.png\",\"keywords\":[\"#DoMore\",\"collants de confort\",\"collants de contention jolis\",\"Facebook\",\"ils en parlent\",\"Instagram\",\"interview Walleriana\",\"Microsoft\",\"Twitter\",\"walleriana\"],\"articleSection\":[\"Ils en parlent\"],\"inLanguage\":\"fr-FR\",\"potentialAction\":[{\"@type\":\"CommentAction\",\"name\":\"Comment\",\"target\":[\"https:\/\/www.walleriana.com\/mag\/microsoft-parle-de-walleriana\/#respond\"]}]},{\"@type\":\"Person\",\"@id\":\"https:\/\/www.walleriana.com\/mag\/#\/schema\/person\/5baeac92243646b67742f8d3441398d9\",\"name\":\"Juliette - Walleriana\",\"image\":{\"@type\":\"ImageObject\",\"inLanguage\":\"fr-FR\",\"@id\":\"https:\/\/www.walleriana.com\/mag\/#\/schema\/person\/image\/\",\"url\":\"https:\/\/secure.gravatar.com\/avatar\/ce9c5a3e6e33bfab4a2e0f4a7c40f9e7?s=96&d=mm&r=g\",\"contentUrl\":\"https:\/\/secure.gravatar.com\/avatar\/ce9c5a3e6e33bfab4a2e0f4a7c40f9e7?s=96&d=mm&r=g\",\"caption\":\"Juliette - Walleriana\"},\"sameAs\":[\"https:\/\/walleriana.com\",\"https:\/\/www.facebook.com\/WallerianaTheShop\/\",\"https:\/\/twitter.com\/WallerianaParis\"],\"url\":\"https:\/\/www.walleriana.com\/mag\/author\/juliettewalleriana-com\/\"}]}<\/script>\n<!-- \/ Yoast SEO Premium plugin. -->","yoast_head_json":{"title":"Microsoft parle de Walleriana - Libella - Le Mag","description":"A l'occasion du lancement de leur cha\u00eene Instagram, Microsoft a lanc\u00e9 une campagne sur le th\u00e8me : \"People who do more with technologies\" #DoMore","robots":{"index":"index","follow":"follow","max-snippet":"max-snippet:-1","max-image-preview":"max-image-preview:large","max-video-preview":"max-video-preview:-1"},"canonical":"https:\/\/www.walleriana.com\/mag\/microsoft-parle-de-walleriana\/","og_locale":"fr_FR","og_type":"article","og_title":"Microsoft parle de Walleriana","og_description":"Pourquoi le groupe Microsoft Monde a-t-il choisi de parler de Walleriana ? A l'occasion du lancement de leur cha\u00eene Instagram, Microsoft a lanc\u00e9 une","og_url":"https:\/\/www.walleriana.com\/mag\/microsoft-parle-de-walleriana\/","og_site_name":"Libella - Le Mag","article_author":"https:\/\/www.facebook.com\/WallerianaTheShop\/","article_published_time":"2015-02-18T13:00:27+00:00","article_modified_time":"2016-08-03T17:14:31+00:00","og_image":[{"width":613,"height":612,"url":"https:\/\/www.walleriana.com\/mag\/wp-content\/uploads\/2015\/02\/Capture-d\u2019\u00e9cran-2015-01-30-\u00e0-22.04.47.png","type":"image\/png"}],"author":"Juliette - Walleriana","twitter_misc":{"\u00c9crit par":"Juliette - Walleriana","Dur\u00e9e de lecture estim\u00e9e":"2 minutes"},"schema":{"@context":"https:\/\/schema.org","@graph":[{"@type":"Organization","@id":"https:\/\/www.walleriana.com\/mag\/#organization","name":"Walleriana","url":"https:\/\/www.walleriana.com\/mag\/","sameAs":[],"logo":{"@type":"ImageObject","inLanguage":"fr-FR","@id":"https:\/\/www.walleriana.com\/mag\/#\/schema\/logo\/image\/","url":"https:\/\/walleriana.com\/mag\/wp-content\/uploads\/2021\/05\/Favicon-Walleriana.jpg","contentUrl":"https:\/\/walleriana.com\/mag\/wp-content\/uploads\/2021\/05\/Favicon-Walleriana.jpg","width":496,"height":317,"caption":"Walleriana"},"image":{"@id":"https:\/\/www.walleriana.com\/mag\/#\/schema\/logo\/image\/"}},{"@type":"WebSite","@id":"https:\/\/www.walleriana.com\/mag\/#website","url":"https:\/\/www.walleriana.com\/mag\/","name":"Libella - Le Mag","description":"Le Mag bien-\u00eatre &amp; style des jambes l\u00e9g\u00e8res","publisher":{"@id":"https:\/\/www.walleriana.com\/mag\/#organization"},"potentialAction":[{"@type":"SearchAction","target":{"@type":"EntryPoint","urlTemplate":"https:\/\/www.walleriana.com\/mag\/?s={search_term_string}"},"query-input":"required name=search_term_string"}],"inLanguage":"fr-FR"},{"@type":"ImageObject","inLanguage":"fr-FR","@id":"https:\/\/www.walleriana.com\/mag\/microsoft-parle-de-walleriana\/#primaryimage","url":"https:\/\/www.walleriana.com\/mag\/wp-content\/uploads\/2015\/02\/Capture-d\u2019\u00e9cran-2015-01-30-\u00e0-22.04.47.png","contentUrl":"https:\/\/www.walleriana.com\/mag\/wp-content\/uploads\/2015\/02\/Capture-d\u2019\u00e9cran-2015-01-30-\u00e0-22.04.47.png","width":613,"height":612,"caption":"Walleriana collants de confort par Justin Bastien"},{"@type":"WebPage","@id":"https:\/\/www.walleriana.com\/mag\/microsoft-parle-de-walleriana\/#webpage","url":"https:\/\/www.walleriana.com\/mag\/microsoft-parle-de-walleriana\/","name":"Microsoft parle de Walleriana - Libella - Le Mag","isPartOf":{"@id":"https:\/\/www.walleriana.com\/mag\/#website"},"primaryImageOfPage":{"@id":"https:\/\/www.walleriana.com\/mag\/microsoft-parle-de-walleriana\/#primaryimage"},"datePublished":"2015-02-18T13:00:27+00:00","dateModified":"2016-08-03T17:14:31+00:00","description":"A l'occasion du lancement de leur cha\u00eene Instagram, Microsoft a lanc\u00e9 une campagne sur le th\u00e8me : \"People who do more with technologies\" #DoMore","breadcrumb":{"@id":"https:\/\/www.walleriana.com\/mag\/microsoft-parle-de-walleriana\/#breadcrumb"},"inLanguage":"fr-FR","potentialAction":[{"@type":"ReadAction","target":["https:\/\/www.walleriana.com\/mag\/microsoft-parle-de-walleriana\/"]}]},{"@type":"BreadcrumbList","@id":"https:\/\/www.walleriana.com\/mag\/microsoft-parle-de-walleriana\/#breadcrumb","itemListElement":[{"@type":"ListItem","position":1,"name":"Le mag walleriana","item":"https:\/\/www.walleriana.com\/mag\/"},{"@type":"ListItem","position":2,"name":"Microsoft parle de Walleriana"}]},{"@type":"Article","@id":"https:\/\/www.walleriana.com\/mag\/microsoft-parle-de-walleriana\/#article","isPartOf":{"@id":"https:\/\/www.walleriana.com\/mag\/microsoft-parle-de-walleriana\/#webpage"},"author":{"name":"Juliette - Walleriana","@id":"https:\/\/www.walleriana.com\/mag\/#\/schema\/person\/5baeac92243646b67742f8d3441398d9"},"headline":"Microsoft parle de Walleriana","datePublished":"2015-02-18T13:00:27+00:00","dateModified":"2016-08-03T17:14:31+00:00","mainEntityOfPage":{"@id":"https:\/\/www.walleriana.com\/mag\/microsoft-parle-de-walleriana\/#webpage"},"wordCount":487,"commentCount":0,"publisher":{"@id":"https:\/\/www.walleriana.com\/mag\/#organization"},"image":{"@id":"https:\/\/www.walleriana.com\/mag\/microsoft-parle-de-walleriana\/#primaryimage"},"thumbnailUrl":"https:\/\/www.walleriana.com\/mag\/wp-content\/uploads\/2015\/02\/Capture-d\u2019\u00e9cran-2015-01-30-\u00e0-22.04.47.png","keywords":["#DoMore","collants de confort","collants de contention jolis","Facebook","ils en parlent","Instagram","interview Walleriana","Microsoft","Twitter","walleriana"],"articleSection":["Ils en parlent"],"inLanguage":"fr-FR","potentialAction":[{"@type":"CommentAction","name":"Comment","target":["https:\/\/www.walleriana.com\/mag\/microsoft-parle-de-walleriana\/#respond"]}]},{"@type":"Person","@id":"https:\/\/www.walleriana.com\/mag\/#\/schema\/person\/5baeac92243646b67742f8d3441398d9","name":"Juliette - Walleriana","image":{"@type":"ImageObject","inLanguage":"fr-FR","@id":"https:\/\/www.walleriana.com\/mag\/#\/schema\/person\/image\/","url":"https:\/\/secure.gravatar.com\/avatar\/ce9c5a3e6e33bfab4a2e0f4a7c40f9e7?s=96&d=mm&r=g","contentUrl":"https:\/\/secure.gravatar.com\/avatar\/ce9c5a3e6e33bfab4a2e0f4a7c40f9e7?s=96&d=mm&r=g","caption":"Juliette - Walleriana"},"sameAs":["https:\/\/walleriana.com","https:\/\/www.facebook.com\/WallerianaTheShop\/","https:\/\/twitter.com\/WallerianaParis"],"url":"https:\/\/www.walleriana.com\/mag\/author\/juliettewalleriana-com\/"}]}},"_links":{"self":[{"href":"https:\/\/www.walleriana.com\/mag\/wp-json\/wp\/v2\/posts\/633"}],"collection":[{"href":"https:\/\/www.walleriana.com\/mag\/wp-json\/wp\/v2\/posts"}],"about":[{"href":"https:\/\/www.walleriana.com\/mag\/wp-json\/wp\/v2\/types\/post"}],"author":[{"embeddable":true,"href":"https:\/\/www.walleriana.com\/mag\/wp-json\/wp\/v2\/users\/1"}],"replies":[{"embeddable":true,"href":"https:\/\/www.walleriana.com\/mag\/wp-json\/wp\/v2\/comments?post=633"}],"version-history":[{"count":11,"href":"https:\/\/www.walleriana.com\/mag\/wp-json\/wp\/v2\/posts\/633\/revisions"}],"predecessor-version":[{"id":3147,"href":"https:\/\/www.walleriana.com\/mag\/wp-json\/wp\/v2\/posts\/633\/revisions\/3147"}],"wp:featuredmedia":[{"embeddable":true,"href":"https:\/\/www.walleriana.com\/mag\/wp-json\/wp\/v2\/media\/636"}],"wp:attachment":[{"href":"https:\/\/www.walleriana.com\/mag\/wp-json\/wp\/v2\/media?parent=633"}],"wp:term":[{"taxonomy":"category","embeddable":true,"href":"https:\/\/www.walleriana.com\/mag\/wp-json\/wp\/v2\/categories?post=633"},{"taxonomy":"post_tag","embeddable":true,"href":"https:\/\/www.walleriana.com\/mag\/wp-json\/wp\/v2\/tags?post=633"}],"curies":[{"name":"wp","href":"https:\/\/api.w.org\/{rel}","templated":true}]}}