{"id":662,"date":"2015-03-05T08:21:41","date_gmt":"2015-03-05T07:21:41","guid":{"rendered":"http:\/\/blog.walleriana.com\/?p=662"},"modified":"2016-08-03T18:22:04","modified_gmt":"2016-08-03T17:22:04","slug":"les-blogueuses-de-bows-and-girls-en-parlent","status":"publish","type":"post","link":"https:\/\/www.walleriana.com\/mag\/les-blogueuses-de-bows-and-girls-en-parlent\/","title":{"rendered":"Les blogueuses de Bows and Girls en parlent !"},"content":{"rendered":"<p style=\"text-align: justify;\"><img loading=\"lazy\" class=\"aligncenter wp-image-3148 size-full\" src=\"https:\/\/mag.walleriana.com\/wp-content\/uploads\/2015\/03\/Capture-d\u2019e\u0301cran-2016-08-03-a\u0300-19.17.05.png\" alt=\"Bows and Girls logo\" width=\"563\" height=\"324\" srcset=\"https:\/\/www.walleriana.com\/mag\/wp-content\/uploads\/2015\/03\/Capture-d\u2019e\u0301cran-2016-08-03-a\u0300-19.17.05.png 563w, https:\/\/www.walleriana.com\/mag\/wp-content\/uploads\/2015\/03\/Capture-d\u2019e\u0301cran-2016-08-03-a\u0300-19.17.05-300x173.png 300w, https:\/\/www.walleriana.com\/mag\/wp-content\/uploads\/2015\/03\/Capture-d\u2019e\u0301cran-2016-08-03-a\u0300-19.17.05-200x115.png 200w, https:\/\/www.walleriana.com\/mag\/wp-content\/uploads\/2015\/03\/Capture-d\u2019e\u0301cran-2016-08-03-a\u0300-19.17.05-370x213.png 370w\" sizes=\"(max-width: 563px) 100vw, 563px\" \/>Fanny et Marion sont deux jeunes blogueuses, qui partagent une passion commune pour les v\u00eatements, la mode en g\u00e9n\u00e9ral, et se mettent en sc\u00e8ne sur leur blog <a title=\"Blog Bows and Girls\" href=\"https:\/\/bows-and-girls.blogspot.fr\/\" target=\"_blank\">Bows and Girls<\/a>. Une jolie rencontre et un partenariat le temps d&rsquo;un concours&#8230;<\/p>\n<h2 style=\"text-align: justify;\">La rencontre de Bows and Girls sur Instagram<\/h2>\n<p style=\"text-align: justify;\">C&rsquo;est \u00e0 travers les looks de la marque, mis en sc\u00e8ne sur Instagram, que Fanny et Marion ont rep\u00e9r\u00e9 les collants de confort Walleriana.<\/p>\n<p style=\"text-align: justify;\">Des collants plumetis, un short en cuir, un look urbain et tr\u00e8s en vogue, il n&rsquo;en fallait pas vraiment\u00a0plus pour bien nous entendre ! Je leur ai propos\u00e9 de leur envoyer une paire des collants Bonjour Paris, les petits plumetis noir, afin qu&rsquo;elles les testent en personne et me fassent part de leur avis.<\/p>\n<figure id=\"attachment_667\" aria-describedby=\"caption-attachment-667\" style=\"width: 640px\" class=\"wp-caption aligncenter\"><img loading=\"lazy\" class=\"wp-image-667 size-full\" src=\"https:\/\/mag.walleriana.com\/wp-content\/uploads\/2015\/03\/BG2.jpg\" alt=\"Bows and Girls et Walleriana\" width=\"640\" height=\"633\" srcset=\"https:\/\/www.walleriana.com\/mag\/wp-content\/uploads\/2015\/03\/BG2.jpg 640w, https:\/\/www.walleriana.com\/mag\/wp-content\/uploads\/2015\/03\/BG2-300x296.jpg 300w, https:\/\/www.walleriana.com\/mag\/wp-content\/uploads\/2015\/03\/BG2-415x410.jpg 415w, https:\/\/www.walleriana.com\/mag\/wp-content\/uploads\/2015\/03\/BG2-160x158.jpg 160w\" sizes=\"(max-width: 640px) 100vw, 640px\" \/><figcaption id=\"caption-attachment-667\" class=\"wp-caption-text\">Bows and Girls et Walleriana<\/figcaption><\/figure>\n<h2 style=\"text-align: justify;\">Quelques semaines plus tard, elles en parlent sur leur blog<\/h2>\n<p style=\"text-align: justify;\">Quelques semaines apr\u00e8s r\u00e9ception des collants Bonjour Paris, Marion m&rsquo;envoie un lien vers l&rsquo;article qu&rsquo;elle et Fanny ont r\u00e9dig\u00e9 sur leur blog. De jolies photos d&rsquo;un look acidul\u00e9 et en parfait accord avec les motifs plumetis des collants Walleriana illustrent le texte, publi\u00e9 le 2 f\u00e9vrier 2015. En parall\u00e8le, nous d\u00e9cidons de partager les images\u00a0sur nos r\u00e9seaux sociaux respectifs, \u00e0 savoir <a title=\"Facebook Walleriana\" href=\"https:\/\/www.facebook.com\/WallerianaTheShop?ref=tn_tnmn\" target=\"_blank\">Facebook<\/a> et <a title=\"Instagram Bows&amp;Girls\" href=\"https:\/\/instagram.com\/_bowsandgirls_\/\" target=\"_blank\">Instagram<\/a>.<\/p>\n<figure id=\"attachment_671\" aria-describedby=\"caption-attachment-671\" style=\"width: 591px\" class=\"wp-caption aligncenter\"><img loading=\"lazy\" class=\"wp-image-671 size-full\" src=\"https:\/\/mag.walleriana.com\/wp-content\/uploads\/2015\/03\/Capture-d\u2019\u00e9cran-2015-03-04-\u00e0-23.22.10.png\" alt=\"Bows and Girls et Walleriana\" width=\"591\" height=\"644\" srcset=\"https:\/\/www.walleriana.com\/mag\/wp-content\/uploads\/2015\/03\/Capture-d\u2019\u00e9cran-2015-03-04-\u00e0-23.22.10.png 591w, https:\/\/www.walleriana.com\/mag\/wp-content\/uploads\/2015\/03\/Capture-d\u2019\u00e9cran-2015-03-04-\u00e0-23.22.10-275x300.png 275w, https:\/\/www.walleriana.com\/mag\/wp-content\/uploads\/2015\/03\/Capture-d\u2019\u00e9cran-2015-03-04-\u00e0-23.22.10-415x452.png 415w, https:\/\/www.walleriana.com\/mag\/wp-content\/uploads\/2015\/03\/Capture-d\u2019\u00e9cran-2015-03-04-\u00e0-23.22.10-160x174.png 160w\" sizes=\"(max-width: 591px) 100vw, 591px\" \/><figcaption id=\"caption-attachment-671\" class=\"wp-caption-text\">Bows and Girls et Walleriana<\/figcaption><\/figure>\n<h2 style=\"text-align: justify;\">Un partenariat le temps d&rsquo;un concours&#8230;<\/h2>\n<p style=\"text-align: justify;\">C&rsquo;est le d\u00e9but d&rsquo;un chouette partenariat, puisque les blogueuses, dynamiques et cr\u00e9atives, me proposent de lancer un concours pour faire gagner une paire de collants Walleriana. Apr\u00e8s discussions et \u00e9changes de mails quant aux modalit\u00e9s de participation au concours, nous le lan\u00e7ons sur nos Instagram, Blogs et Facebook respectifs.<\/p>\n<figure id=\"attachment_653\" aria-describedby=\"caption-attachment-653\" style=\"width: 1024px\" class=\"wp-caption aligncenter\"><img loading=\"lazy\" class=\"wp-image-653 size-large\" src=\"https:\/\/mag.walleriana.com\/wp-content\/uploads\/2015\/02\/CONCOURS-BG-1024x683.jpg\" alt=\"Concours sp\u00e9cial Gambettes avec Bows and Girls\" width=\"1024\" height=\"683\" srcset=\"https:\/\/www.walleriana.com\/mag\/wp-content\/uploads\/2015\/02\/CONCOURS-BG-1024x683.jpg 1024w, https:\/\/www.walleriana.com\/mag\/wp-content\/uploads\/2015\/02\/CONCOURS-BG-300x200.jpg 300w, https:\/\/www.walleriana.com\/mag\/wp-content\/uploads\/2015\/02\/CONCOURS-BG-1000x667.jpg 1000w, https:\/\/www.walleriana.com\/mag\/wp-content\/uploads\/2015\/02\/CONCOURS-BG-415x276.jpg 415w, https:\/\/www.walleriana.com\/mag\/wp-content\/uploads\/2015\/02\/CONCOURS-BG-160x106.jpg 160w, https:\/\/www.walleriana.com\/mag\/wp-content\/uploads\/2015\/02\/CONCOURS-BG.jpg 1244w\" sizes=\"(max-width: 1024px) 100vw, 1024px\" \/><figcaption id=\"caption-attachment-653\" class=\"wp-caption-text\">Concours sp\u00e9cial Gambettes avec Bows and Girls<\/figcaption><\/figure>\n<p style=\"text-align: justify;\">Beaucoup de travail, mais de belles retomb\u00e9es puisque vous avez \u00e9t\u00e9 nombreuses \u00e0 participer !<\/p>\n<p style=\"text-align: justify;\">Le <a title=\"Concours sp\u00e9cial gambettes Walleriana\" href=\"https:\/\/mag.walleriana.com\/2015\/02\/18\/concours-special-gambettes\/\" target=\"_blank\">concours \u00ab\u00a0Sp\u00e9ciale gambettes\u00a0\u00bb<\/a> s&rsquo;est termin\u00e9 le 27 f\u00e9vrier 2015 au soir, et un tirage au sort a pu d\u00e9terminer une heureuse gagnante du nom de Serdiane.<\/p>\n<figure id=\"attachment_669\" aria-describedby=\"caption-attachment-669\" style=\"width: 554px\" class=\"wp-caption aligncenter\"><img loading=\"lazy\" class=\"wp-image-669 size-full\" src=\"https:\/\/mag.walleriana.com\/wp-content\/uploads\/2015\/03\/Capture-d\u2019\u00e9cran-2015-03-04-\u00e0-22.27.15.png\" alt=\"Bows and Girls et Walleriana\" width=\"554\" height=\"648\" srcset=\"https:\/\/www.walleriana.com\/mag\/wp-content\/uploads\/2015\/03\/Capture-d\u2019\u00e9cran-2015-03-04-\u00e0-22.27.15.png 554w, https:\/\/www.walleriana.com\/mag\/wp-content\/uploads\/2015\/03\/Capture-d\u2019\u00e9cran-2015-03-04-\u00e0-22.27.15-256x300.png 256w, https:\/\/www.walleriana.com\/mag\/wp-content\/uploads\/2015\/03\/Capture-d\u2019\u00e9cran-2015-03-04-\u00e0-22.27.15-415x485.png 415w, https:\/\/www.walleriana.com\/mag\/wp-content\/uploads\/2015\/03\/Capture-d\u2019\u00e9cran-2015-03-04-\u00e0-22.27.15-160x187.png 160w\" sizes=\"(max-width: 554px) 100vw, 554px\" \/><figcaption id=\"caption-attachment-669\" class=\"wp-caption-text\">Bows and Girls et Walleriana<\/figcaption><\/figure>\n<h2 style=\"text-align: justify;\">Un grand merci !<\/h2>\n<p style=\"text-align: justify;\">Un grand merci \u00e0 Marion et Fanny pour avoir \u00e9crit un chouette\u00a0article et organis\u00e9 ce joli concours. D&rsquo;autres \u00e9v\u00e8nements seront \u00e0 envisager pour le futur \u00e0 n&rsquo;en pas douter. Et un grand merci \u00e0 toutes les participantes motiv\u00e9es qui ont particip\u00e9 avec beaucoup d&rsquo;entrain sur les r\u00e9seaux sociaux !<\/p>\n<figure id=\"attachment_675\" aria-describedby=\"caption-attachment-675\" style=\"width: 480px\" class=\"wp-caption aligncenter\"><img loading=\"lazy\" class=\"wp-image-675 size-full\" src=\"https:\/\/mag.walleriana.com\/wp-content\/uploads\/2015\/03\/Capture-d\u2019\u00e9cran-2015-03-04-\u00e0-23.23.58-e1462193101541.png\" alt=\"Bonjour Paris - Walleriana\" width=\"480\" height=\"480\" srcset=\"https:\/\/www.walleriana.com\/mag\/wp-content\/uploads\/2015\/03\/Capture-d\u2019\u00e9cran-2015-03-04-\u00e0-23.23.58-e1462193101541.png 480w, https:\/\/www.walleriana.com\/mag\/wp-content\/uploads\/2015\/03\/Capture-d\u2019\u00e9cran-2015-03-04-\u00e0-23.23.58-e1462193101541-150x150.png 150w, https:\/\/www.walleriana.com\/mag\/wp-content\/uploads\/2015\/03\/Capture-d\u2019\u00e9cran-2015-03-04-\u00e0-23.23.58-e1462193101541-300x300.png 300w, https:\/\/www.walleriana.com\/mag\/wp-content\/uploads\/2015\/03\/Capture-d\u2019\u00e9cran-2015-03-04-\u00e0-23.23.58-e1462193101541-200x200.png 200w, https:\/\/www.walleriana.com\/mag\/wp-content\/uploads\/2015\/03\/Capture-d\u2019\u00e9cran-2015-03-04-\u00e0-23.23.58-e1462193101541-370x370.png 370w\" sizes=\"(max-width: 480px) 100vw, 480px\" \/><figcaption id=\"caption-attachment-675\" class=\"wp-caption-text\">Bonjour Paris &#8211; Walleriana<\/figcaption><\/figure>\n<h2 style=\"text-align: justify;\">Et cet article, je le trouve o\u00f9 ?<\/h2>\n<p style=\"text-align: justify;\">Elles ont aim\u00e9 les collants Walleriana et elles en ont parl\u00e9, jetez un oeil sur le blog de Marion et Fanny. L&rsquo;article se trouve ici : <a title=\"Bows&amp;Girls blog\" href=\"https:\/\/bows-and-girls.blogspot.fr\/2015\/02\/walleriana.html\" target=\"_blank\">Bows and Girls<\/a>.<\/p>\n<blockquote><p><img loading=\"lazy\" class=\"wp-image-668 size-full\" src=\"https:\/\/mag.walleriana.com\/wp-content\/uploads\/2015\/03\/Capture-d\u2019\u00e9cran-2015-03-04-\u00e0-22.26.28.png\" alt=\"Walleriana par Bows and Girls\" width=\"701\" height=\"344\" srcset=\"https:\/\/www.walleriana.com\/mag\/wp-content\/uploads\/2015\/03\/Capture-d\u2019\u00e9cran-2015-03-04-\u00e0-22.26.28.png 701w, https:\/\/www.walleriana.com\/mag\/wp-content\/uploads\/2015\/03\/Capture-d\u2019\u00e9cran-2015-03-04-\u00e0-22.26.28-300x147.png 300w, https:\/\/www.walleriana.com\/mag\/wp-content\/uploads\/2015\/03\/Capture-d\u2019\u00e9cran-2015-03-04-\u00e0-22.26.28-415x203.png 415w, https:\/\/www.walleriana.com\/mag\/wp-content\/uploads\/2015\/03\/Capture-d\u2019\u00e9cran-2015-03-04-\u00e0-22.26.28-160x78.png 160w\" sizes=\"(max-width: 701px) 100vw, 701px\" \/><\/p><\/blockquote>\n<p style=\"text-align: justify;\">Pour retrouver tous leurs looks et coups de coeur : sur <a title=\"Instagram Bows&amp;Girls\" href=\"https:\/\/instagram.com\/_bowsandgirls_\/\" target=\"_blank\">Instagram @_bowsandgirls_ <\/a>et <a title=\"Facebook Bows&amp;Girls\" href=\"https:\/\/www.facebook.com\/pages\/Bows-and-Girls\/1427679637445544?fref=ts\" target=\"_blank\">Facebook Bows and Girls<\/a>.<\/p>\n<p style=\"text-align: justify;\">Pour suivre Walleriana sur les r\u00e9seaux sociaux : Instagram <a title=\"Instagram Walleriana\" href=\"https:\/\/instagram.com\/walleriana_paris\/\" target=\"_blank\">@Walleriana_Paris<\/a> et <a title=\"Facebook Walleriana\" href=\"https:\/\/www.facebook.com\/WallerianaTheShop\" target=\"_blank\">Facebook Walleriana<\/a>.<\/p>\n<h2 style=\"text-align: justify;\">Pour en savoir plus : Walleriana en d\u00e9tails&#8230;<\/h2>\n<p style=\"text-align: justify;\">&#8211; <a title=\"Microsoft parle de Walleriana\" href=\"https:\/\/mag.walleriana.com\/2015\/02\/18\/microsoft-parle-de-walleriana\/\" target=\"_blank\">Microsoft parle de Walleriana<\/a><\/p>\n<p style=\"text-align: justify;\">&#8211; <a title=\"Hey Flamingo l'interview\" href=\"https:\/\/mag.walleriana.com\/2015\/03\/19\/walleriana-linterview-par-le-magazine-hey-flamingo\/\" target=\"_blank\">L&rsquo;interview de Walleriana par Hey Flamingo<\/a><\/p>\n<p style=\"text-align: justify;\">&#8211;\u00a0<a title=\"Les collants de confort Walleriana\" href=\"https:\/\/mag.walleriana.com\/2015\/01\/01\/les-collants-de-confort-walleriana\/\" target=\"_blank\">Les collants de confort : pourquoi en porter et comment \u00e7a marche ?<\/a><\/p>\n<p style=\"text-align: justify;\">&#8211; <a title=\"Qui suis-je ?\" href=\"https:\/\/mag.walleriana.com\/2014\/11\/25\/qui-suis-je\/\" target=\"_blank\">Qui suis-je ?<\/a><\/p>\n<p style=\"text-align: justify;\">&#8211; <a title=\"Pourquoi ce blog ?\" href=\"https:\/\/mag.walleriana.com\/2014\/11\/25\/pourquoi-ce-blog\/\" target=\"_blank\">Pourquoi ce blog ?<\/a><\/p>\n<p style=\"text-align: justify;\">&#8211; <a title=\"La Boutique Walleriana\" href=\"https:\/\/walleriana.com\/fr\/\" target=\"_blank\">La Boutique Walleriana<\/a><\/p>\n","protected":false},"excerpt":{"rendered":"<p>Fanny et Marion sont deux jeunes blogueuses, qui partagent une passion commune pour les v\u00eatements, la mode en g\u00e9n\u00e9ral, et&#8230;<\/p>\n","protected":false},"author":1,"featured_media":666,"comment_status":"open","ping_status":"open","sticky":false,"template":"","format":"standard","meta":{"rop_custom_images_group":[],"rop_custom_messages_group":[],"rop_publish_now":"initial","rop_publish_now_accounts":[],"rop_publish_now_history":[],"rop_publish_now_status":"pending"},"categories":[98],"tags":[109,110,101,27,46,100,6,37,64],"yoast_head":"<!-- This site is optimized with the Yoast SEO Premium plugin v18.6 (Yoast SEO v19.2) - https:\/\/yoast.com\/wordpress\/plugins\/seo\/ -->\n<title>Bows and Girls parlent de Walleriana - Journal<\/title>\n<meta name=\"description\" content=\"Elles ont aim\u00e9 les collants Walleriana et elles en ont parl\u00e9, jetez un oeil sur le blog de Fanny et Marion : Bows and Girls.\" \/>\n<meta name=\"robots\" content=\"index, follow, max-snippet:-1, max-image-preview:large, max-video-preview:-1\" \/>\n<link rel=\"canonical\" href=\"https:\/\/www.walleriana.com\/mag\/les-blogueuses-de-bows-and-girls-en-parlent\/\" \/>\n<meta property=\"og:locale\" content=\"fr_FR\" \/>\n<meta property=\"og:type\" content=\"article\" \/>\n<meta property=\"og:title\" content=\"Les blogueuses de Bows and Girls en parlent !\" \/>\n<meta property=\"og:description\" content=\"Fanny et Marion sont deux jeunes blogueuses, qui partagent une passion commune pour les v\u00eatements, la mode en g\u00e9n\u00e9ral, et se mettent en sc\u00e8ne sur leur\" \/>\n<meta property=\"og:url\" content=\"https:\/\/www.walleriana.com\/mag\/les-blogueuses-de-bows-and-girls-en-parlent\/\" \/>\n<meta property=\"og:site_name\" content=\"Libella - Le Mag\" \/>\n<meta property=\"article:author\" content=\"https:\/\/www.facebook.com\/WallerianaTheShop\/\" \/>\n<meta property=\"article:published_time\" content=\"2015-03-05T07:21:41+00:00\" \/>\n<meta property=\"article:modified_time\" content=\"2016-08-03T17:22:04+00:00\" \/>\n<meta property=\"og:image\" content=\"https:\/\/www.walleriana.com\/mag\/wp-content\/uploads\/2015\/03\/BG.jpg\" \/>\n\t<meta property=\"og:image:width\" content=\"622\" \/>\n\t<meta property=\"og:image:height\" content=\"628\" \/>\n\t<meta property=\"og:image:type\" content=\"image\/jpeg\" \/>\n<meta name=\"author\" content=\"Juliette - Walleriana\" \/>\n<meta name=\"twitter:label1\" content=\"\u00c9crit par\" \/>\n\t<meta name=\"twitter:data1\" content=\"Juliette - Walleriana\" \/>\n\t<meta name=\"twitter:label2\" content=\"Dur\u00e9e de lecture estim\u00e9e\" \/>\n\t<meta name=\"twitter:data2\" content=\"3 minutes\" \/>\n<script type=\"application\/ld+json\" class=\"yoast-schema-graph\">{\"@context\":\"https:\/\/schema.org\",\"@graph\":[{\"@type\":\"Organization\",\"@id\":\"https:\/\/www.walleriana.com\/mag\/#organization\",\"name\":\"Walleriana\",\"url\":\"https:\/\/www.walleriana.com\/mag\/\",\"sameAs\":[],\"logo\":{\"@type\":\"ImageObject\",\"inLanguage\":\"fr-FR\",\"@id\":\"https:\/\/www.walleriana.com\/mag\/#\/schema\/logo\/image\/\",\"url\":\"https:\/\/walleriana.com\/mag\/wp-content\/uploads\/2021\/05\/Favicon-Walleriana.jpg\",\"contentUrl\":\"https:\/\/walleriana.com\/mag\/wp-content\/uploads\/2021\/05\/Favicon-Walleriana.jpg\",\"width\":496,\"height\":317,\"caption\":\"Walleriana\"},\"image\":{\"@id\":\"https:\/\/www.walleriana.com\/mag\/#\/schema\/logo\/image\/\"}},{\"@type\":\"WebSite\",\"@id\":\"https:\/\/www.walleriana.com\/mag\/#website\",\"url\":\"https:\/\/www.walleriana.com\/mag\/\",\"name\":\"Libella - Le Mag\",\"description\":\"Le Mag bien-\u00eatre &amp; style des jambes l\u00e9g\u00e8res\",\"publisher\":{\"@id\":\"https:\/\/www.walleriana.com\/mag\/#organization\"},\"potentialAction\":[{\"@type\":\"SearchAction\",\"target\":{\"@type\":\"EntryPoint\",\"urlTemplate\":\"https:\/\/www.walleriana.com\/mag\/?s={search_term_string}\"},\"query-input\":\"required name=search_term_string\"}],\"inLanguage\":\"fr-FR\"},{\"@type\":\"ImageObject\",\"inLanguage\":\"fr-FR\",\"@id\":\"https:\/\/www.walleriana.com\/mag\/les-blogueuses-de-bows-and-girls-en-parlent\/#primaryimage\",\"url\":\"https:\/\/www.walleriana.com\/mag\/wp-content\/uploads\/2015\/03\/BG.jpg\",\"contentUrl\":\"https:\/\/www.walleriana.com\/mag\/wp-content\/uploads\/2015\/03\/BG.jpg\",\"width\":622,\"height\":628,\"caption\":\"Bows and Girls et Walleriana\"},{\"@type\":\"WebPage\",\"@id\":\"https:\/\/www.walleriana.com\/mag\/les-blogueuses-de-bows-and-girls-en-parlent\/#webpage\",\"url\":\"https:\/\/www.walleriana.com\/mag\/les-blogueuses-de-bows-and-girls-en-parlent\/\",\"name\":\"Bows and Girls parlent de Walleriana - Journal\",\"isPartOf\":{\"@id\":\"https:\/\/www.walleriana.com\/mag\/#website\"},\"primaryImageOfPage\":{\"@id\":\"https:\/\/www.walleriana.com\/mag\/les-blogueuses-de-bows-and-girls-en-parlent\/#primaryimage\"},\"datePublished\":\"2015-03-05T07:21:41+00:00\",\"dateModified\":\"2016-08-03T17:22:04+00:00\",\"description\":\"Elles ont aim\u00e9 les collants Walleriana et elles en ont parl\u00e9, jetez un oeil sur le blog de Fanny et Marion : Bows and Girls.\",\"breadcrumb\":{\"@id\":\"https:\/\/www.walleriana.com\/mag\/les-blogueuses-de-bows-and-girls-en-parlent\/#breadcrumb\"},\"inLanguage\":\"fr-FR\",\"potentialAction\":[{\"@type\":\"ReadAction\",\"target\":[\"https:\/\/www.walleriana.com\/mag\/les-blogueuses-de-bows-and-girls-en-parlent\/\"]}]},{\"@type\":\"BreadcrumbList\",\"@id\":\"https:\/\/www.walleriana.com\/mag\/les-blogueuses-de-bows-and-girls-en-parlent\/#breadcrumb\",\"itemListElement\":[{\"@type\":\"ListItem\",\"position\":1,\"name\":\"Le mag walleriana\",\"item\":\"https:\/\/www.walleriana.com\/mag\/\"},{\"@type\":\"ListItem\",\"position\":2,\"name\":\"Les blogueuses de Bows and Girls en parlent !\"}]},{\"@type\":\"Article\",\"@id\":\"https:\/\/www.walleriana.com\/mag\/les-blogueuses-de-bows-and-girls-en-parlent\/#article\",\"isPartOf\":{\"@id\":\"https:\/\/www.walleriana.com\/mag\/les-blogueuses-de-bows-and-girls-en-parlent\/#webpage\"},\"author\":{\"name\":\"Juliette - Walleriana\",\"@id\":\"https:\/\/www.walleriana.com\/mag\/#\/schema\/person\/5baeac92243646b67742f8d3441398d9\"},\"headline\":\"Les blogueuses de Bows and Girls en parlent !\",\"datePublished\":\"2015-03-05T07:21:41+00:00\",\"dateModified\":\"2016-08-03T17:22:04+00:00\",\"mainEntityOfPage\":{\"@id\":\"https:\/\/www.walleriana.com\/mag\/les-blogueuses-de-bows-and-girls-en-parlent\/#webpage\"},\"wordCount\":543,\"commentCount\":0,\"publisher\":{\"@id\":\"https:\/\/www.walleriana.com\/mag\/#organization\"},\"image\":{\"@id\":\"https:\/\/www.walleriana.com\/mag\/les-blogueuses-de-bows-and-girls-en-parlent\/#primaryimage\"},\"thumbnailUrl\":\"https:\/\/www.walleriana.com\/mag\/wp-content\/uploads\/2015\/03\/BG.jpg\",\"keywords\":[\"blog\",\"blogueuses mode\",\"bows and girls\",\"collants de confort\",\"collants de contention jolis\",\"concours\",\"gambettes\",\"mode\",\"walleriana\"],\"articleSection\":[\"Ils en parlent\"],\"inLanguage\":\"fr-FR\",\"potentialAction\":[{\"@type\":\"CommentAction\",\"name\":\"Comment\",\"target\":[\"https:\/\/www.walleriana.com\/mag\/les-blogueuses-de-bows-and-girls-en-parlent\/#respond\"]}]},{\"@type\":\"Person\",\"@id\":\"https:\/\/www.walleriana.com\/mag\/#\/schema\/person\/5baeac92243646b67742f8d3441398d9\",\"name\":\"Juliette - Walleriana\",\"image\":{\"@type\":\"ImageObject\",\"inLanguage\":\"fr-FR\",\"@id\":\"https:\/\/www.walleriana.com\/mag\/#\/schema\/person\/image\/\",\"url\":\"https:\/\/secure.gravatar.com\/avatar\/ce9c5a3e6e33bfab4a2e0f4a7c40f9e7?s=96&d=mm&r=g\",\"contentUrl\":\"https:\/\/secure.gravatar.com\/avatar\/ce9c5a3e6e33bfab4a2e0f4a7c40f9e7?s=96&d=mm&r=g\",\"caption\":\"Juliette - Walleriana\"},\"sameAs\":[\"https:\/\/walleriana.com\",\"https:\/\/www.facebook.com\/WallerianaTheShop\/\",\"https:\/\/twitter.com\/WallerianaParis\"],\"url\":\"https:\/\/www.walleriana.com\/mag\/author\/juliettewalleriana-com\/\"}]}<\/script>\n<!-- \/ Yoast SEO Premium plugin. -->","yoast_head_json":{"title":"Bows and Girls parlent de Walleriana - Journal","description":"Elles ont aim\u00e9 les collants Walleriana et elles en ont parl\u00e9, jetez un oeil sur le blog de Fanny et Marion : Bows and Girls.","robots":{"index":"index","follow":"follow","max-snippet":"max-snippet:-1","max-image-preview":"max-image-preview:large","max-video-preview":"max-video-preview:-1"},"canonical":"https:\/\/www.walleriana.com\/mag\/les-blogueuses-de-bows-and-girls-en-parlent\/","og_locale":"fr_FR","og_type":"article","og_title":"Les blogueuses de Bows and Girls en parlent !","og_description":"Fanny et Marion sont deux jeunes blogueuses, qui partagent une passion commune pour les v\u00eatements, la mode en g\u00e9n\u00e9ral, et se mettent en sc\u00e8ne sur leur","og_url":"https:\/\/www.walleriana.com\/mag\/les-blogueuses-de-bows-and-girls-en-parlent\/","og_site_name":"Libella - Le Mag","article_author":"https:\/\/www.facebook.com\/WallerianaTheShop\/","article_published_time":"2015-03-05T07:21:41+00:00","article_modified_time":"2016-08-03T17:22:04+00:00","og_image":[{"width":622,"height":628,"url":"https:\/\/www.walleriana.com\/mag\/wp-content\/uploads\/2015\/03\/BG.jpg","type":"image\/jpeg"}],"author":"Juliette - Walleriana","twitter_misc":{"\u00c9crit par":"Juliette - Walleriana","Dur\u00e9e de lecture estim\u00e9e":"3 minutes"},"schema":{"@context":"https:\/\/schema.org","@graph":[{"@type":"Organization","@id":"https:\/\/www.walleriana.com\/mag\/#organization","name":"Walleriana","url":"https:\/\/www.walleriana.com\/mag\/","sameAs":[],"logo":{"@type":"ImageObject","inLanguage":"fr-FR","@id":"https:\/\/www.walleriana.com\/mag\/#\/schema\/logo\/image\/","url":"https:\/\/walleriana.com\/mag\/wp-content\/uploads\/2021\/05\/Favicon-Walleriana.jpg","contentUrl":"https:\/\/walleriana.com\/mag\/wp-content\/uploads\/2021\/05\/Favicon-Walleriana.jpg","width":496,"height":317,"caption":"Walleriana"},"image":{"@id":"https:\/\/www.walleriana.com\/mag\/#\/schema\/logo\/image\/"}},{"@type":"WebSite","@id":"https:\/\/www.walleriana.com\/mag\/#website","url":"https:\/\/www.walleriana.com\/mag\/","name":"Libella - Le Mag","description":"Le Mag bien-\u00eatre &amp; style des jambes l\u00e9g\u00e8res","publisher":{"@id":"https:\/\/www.walleriana.com\/mag\/#organization"},"potentialAction":[{"@type":"SearchAction","target":{"@type":"EntryPoint","urlTemplate":"https:\/\/www.walleriana.com\/mag\/?s={search_term_string}"},"query-input":"required name=search_term_string"}],"inLanguage":"fr-FR"},{"@type":"ImageObject","inLanguage":"fr-FR","@id":"https:\/\/www.walleriana.com\/mag\/les-blogueuses-de-bows-and-girls-en-parlent\/#primaryimage","url":"https:\/\/www.walleriana.com\/mag\/wp-content\/uploads\/2015\/03\/BG.jpg","contentUrl":"https:\/\/www.walleriana.com\/mag\/wp-content\/uploads\/2015\/03\/BG.jpg","width":622,"height":628,"caption":"Bows and Girls et Walleriana"},{"@type":"WebPage","@id":"https:\/\/www.walleriana.com\/mag\/les-blogueuses-de-bows-and-girls-en-parlent\/#webpage","url":"https:\/\/www.walleriana.com\/mag\/les-blogueuses-de-bows-and-girls-en-parlent\/","name":"Bows and Girls parlent de Walleriana - Journal","isPartOf":{"@id":"https:\/\/www.walleriana.com\/mag\/#website"},"primaryImageOfPage":{"@id":"https:\/\/www.walleriana.com\/mag\/les-blogueuses-de-bows-and-girls-en-parlent\/#primaryimage"},"datePublished":"2015-03-05T07:21:41+00:00","dateModified":"2016-08-03T17:22:04+00:00","description":"Elles ont aim\u00e9 les collants Walleriana et elles en ont parl\u00e9, jetez un oeil sur le blog de Fanny et Marion : Bows and Girls.","breadcrumb":{"@id":"https:\/\/www.walleriana.com\/mag\/les-blogueuses-de-bows-and-girls-en-parlent\/#breadcrumb"},"inLanguage":"fr-FR","potentialAction":[{"@type":"ReadAction","target":["https:\/\/www.walleriana.com\/mag\/les-blogueuses-de-bows-and-girls-en-parlent\/"]}]},{"@type":"BreadcrumbList","@id":"https:\/\/www.walleriana.com\/mag\/les-blogueuses-de-bows-and-girls-en-parlent\/#breadcrumb","itemListElement":[{"@type":"ListItem","position":1,"name":"Le mag walleriana","item":"https:\/\/www.walleriana.com\/mag\/"},{"@type":"ListItem","position":2,"name":"Les blogueuses de Bows and Girls en parlent !"}]},{"@type":"Article","@id":"https:\/\/www.walleriana.com\/mag\/les-blogueuses-de-bows-and-girls-en-parlent\/#article","isPartOf":{"@id":"https:\/\/www.walleriana.com\/mag\/les-blogueuses-de-bows-and-girls-en-parlent\/#webpage"},"author":{"name":"Juliette - Walleriana","@id":"https:\/\/www.walleriana.com\/mag\/#\/schema\/person\/5baeac92243646b67742f8d3441398d9"},"headline":"Les blogueuses de Bows and Girls en parlent !","datePublished":"2015-03-05T07:21:41+00:00","dateModified":"2016-08-03T17:22:04+00:00","mainEntityOfPage":{"@id":"https:\/\/www.walleriana.com\/mag\/les-blogueuses-de-bows-and-girls-en-parlent\/#webpage"},"wordCount":543,"commentCount":0,"publisher":{"@id":"https:\/\/www.walleriana.com\/mag\/#organization"},"image":{"@id":"https:\/\/www.walleriana.com\/mag\/les-blogueuses-de-bows-and-girls-en-parlent\/#primaryimage"},"thumbnailUrl":"https:\/\/www.walleriana.com\/mag\/wp-content\/uploads\/2015\/03\/BG.jpg","keywords":["blog","blogueuses mode","bows and girls","collants de confort","collants de contention jolis","concours","gambettes","mode","walleriana"],"articleSection":["Ils en parlent"],"inLanguage":"fr-FR","potentialAction":[{"@type":"CommentAction","name":"Comment","target":["https:\/\/www.walleriana.com\/mag\/les-blogueuses-de-bows-and-girls-en-parlent\/#respond"]}]},{"@type":"Person","@id":"https:\/\/www.walleriana.com\/mag\/#\/schema\/person\/5baeac92243646b67742f8d3441398d9","name":"Juliette - Walleriana","image":{"@type":"ImageObject","inLanguage":"fr-FR","@id":"https:\/\/www.walleriana.com\/mag\/#\/schema\/person\/image\/","url":"https:\/\/secure.gravatar.com\/avatar\/ce9c5a3e6e33bfab4a2e0f4a7c40f9e7?s=96&d=mm&r=g","contentUrl":"https:\/\/secure.gravatar.com\/avatar\/ce9c5a3e6e33bfab4a2e0f4a7c40f9e7?s=96&d=mm&r=g","caption":"Juliette - Walleriana"},"sameAs":["https:\/\/walleriana.com","https:\/\/www.facebook.com\/WallerianaTheShop\/","https:\/\/twitter.com\/WallerianaParis"],"url":"https:\/\/www.walleriana.com\/mag\/author\/juliettewalleriana-com\/"}]}},"_links":{"self":[{"href":"https:\/\/www.walleriana.com\/mag\/wp-json\/wp\/v2\/posts\/662"}],"collection":[{"href":"https:\/\/www.walleriana.com\/mag\/wp-json\/wp\/v2\/posts"}],"about":[{"href":"https:\/\/www.walleriana.com\/mag\/wp-json\/wp\/v2\/types\/post"}],"author":[{"embeddable":true,"href":"https:\/\/www.walleriana.com\/mag\/wp-json\/wp\/v2\/users\/1"}],"replies":[{"embeddable":true,"href":"https:\/\/www.walleriana.com\/mag\/wp-json\/wp\/v2\/comments?post=662"}],"version-history":[{"count":10,"href":"https:\/\/www.walleriana.com\/mag\/wp-json\/wp\/v2\/posts\/662\/revisions"}],"predecessor-version":[{"id":3149,"href":"https:\/\/www.walleriana.com\/mag\/wp-json\/wp\/v2\/posts\/662\/revisions\/3149"}],"wp:featuredmedia":[{"embeddable":true,"href":"https:\/\/www.walleriana.com\/mag\/wp-json\/wp\/v2\/media\/666"}],"wp:attachment":[{"href":"https:\/\/www.walleriana.com\/mag\/wp-json\/wp\/v2\/media?parent=662"}],"wp:term":[{"taxonomy":"category","embeddable":true,"href":"https:\/\/www.walleriana.com\/mag\/wp-json\/wp\/v2\/categories?post=662"},{"taxonomy":"post_tag","embeddable":true,"href":"https:\/\/www.walleriana.com\/mag\/wp-json\/wp\/v2\/tags?post=662"}],"curies":[{"name":"wp","href":"https:\/\/api.w.org\/{rel}","templated":true}]}}